{"id":19986,"date":"2024-08-23T14:00:04","date_gmt":"2024-08-23T17:00:04","guid":{"rendered":"https:\/\/www.bibliotecadeseguranca.com.br\/fr\/?p=19986"},"modified":"2024-08-23T12:53:14","modified_gmt":"2024-08-23T15:53:14","slug":"manuel-de-formation-mondial-pour-les-agents-des-forces-de-lordre","status":"publish","type":"post","link":"https:\/\/www.bibliotecadeseguranca.com.br\/fr\/livros\/manuel-de-formation-mondial-pour-les-agents-des-forces-de-lordre\/","title":{"rendered":"Manuel de Formation Mondial pour les Agents des Forces de l&#8217;Ordre"},"content":{"rendered":"<p><span style=\"color: #003366;\"><strong><img loading=\"lazy\" decoding=\"async\" class=\"alignleft size-full wp-image-19987\" src=\"https:\/\/www.bibliotecadeseguranca.com.br\/fr\/wp-content\/uploads\/2024\/08\/manuel-de-formation-mondial-pour-les-agents-des-forces-de-lordre.jpg\" alt=\"Manuel de Formation Mondial pour les Agents des Forces de l'Ordre\" width=\"145\" height=\"205\" srcset=\"https:\/\/www.bibliotecadeseguranca.com.br\/fr\/wp-content\/uploads\/2024\/08\/manuel-de-formation-mondial-pour-les-agents-des-forces-de-lordre.jpg 145w, https:\/\/www.bibliotecadeseguranca.com.br\/fr\/wp-content\/uploads\/2024\/08\/manuel-de-formation-mondial-pour-les-agents-des-forces-de-lordre-106x150.jpg 106w\" sizes=\"auto, (max-width: 145px) 100vw, 145px\" \/>Organisation des Nations Unies pour l\u2019\u00e9ducation, la science et la culture<\/strong><\/span><\/p>\n<p><span style=\"color: #003366;\"><strong>R\u00e9sum\u00e9:<\/strong><\/span> Les forces de l\u2019ordre se heurtent souvent \u00e0 de nombreuses difficult\u00e9s pour concilier le droit \u00e0 la libert\u00e9 d\u2019expression et l\u2019imp\u00e9ratif de maintenir l\u2019ordre public. Pendant les p\u00e9riodes agit\u00e9es, c\u2019est \u00e0 elles qu\u2019il incombe de g\u00e9rer les probl\u00e8mes de s\u00fbret\u00e9 publique li\u00e9s aux \u00e9lections, aux catastrophes naturelles et aux urgences sanitaires, comme de veiller au respect de la libert\u00e9 d\u2019expression et du droit de r\u00e9union pacifique. Or, le climat politique, social et \u00e9conomique attise de plus en plus les tensions au sein des populations, plongeant les agents des forces de l\u2019ordre dans des situations souvent difficiles.<br \/>\nDans ce contexte, l\u2019int\u00e9grit\u00e9 physique et la libert\u00e9 des journalistes font l\u2019objet de menaces croissantes. Au cours des douze derni\u00e8res ann\u00e9es, 1088 journalistes ont \u00e9t\u00e9 tu\u00e9s pour avoir r\u00e9alis\u00e9 leur travail ou dans l\u2019exercice de leurs fonctions. Rien que pour le premier semestre de l\u2019ann\u00e9e 2022, 45 professionnels des m\u00e9dias ont \u00e9t\u00e9 tu\u00e9s. Face \u00e0 cette situation, les gouvernements et les forces de l\u2019ordre doivent revoir leur approche pour faire face aux probl\u00e8mes d\u2019ordre public, travailler avec les journalistes et communiquer avec le public de mani\u00e8re plus efficace.<\/p>\n<p><a href=\"https:\/\/www.bibliotecadeseguranca.com.br\/wp-content\/uploads\/2024\/08\/manuel-de-formation-mondial-pour-les-agents-des-forces-de-lordre.pdf\" target=\"_blank\" rel=\"noopener\"><img loading=\"lazy\" decoding=\"async\" class=\"alignleft wp-image-12143 size-full\" src=\"https:\/\/www.bibliotecadeseguranca.com.br\/fr\/wp-content\/uploads\/2015\/03\/download_fr.gif\" alt=\"T\u00e9l\u00e9charger\" width=\"107\" height=\"25\" \/><\/a><\/p>\n","protected":false},"excerpt":{"rendered":"<p>Organisation des Nations Unies pour l\u2019\u00e9ducation, la science et la culture R\u00e9sum\u00e9: Les forces de l\u2019ordre se heurtent souvent \u00e0 de nombreuses difficult\u00e9s pour concilier le droit \u00e0 la libert\u00e9 d\u2019expression et l\u2019imp\u00e9ratif de maintenir l\u2019ordre public. Pendant les p\u00e9riodes agit\u00e9es, c\u2019est \u00e0 elles qu\u2019il incombe de g\u00e9rer les probl\u00e8mes de s\u00fbret\u00e9 publique li\u00e9s aux \u00e9lections, aux catastrophes naturelles et aux urgences sanitaires, comme de veiller au respect de la&hellip; <\/p>\n","protected":false},"author":3,"featured_media":19987,"comment_status":"open","ping_status":"closed","sticky":false,"template":"","format":"standard","meta":{"footnotes":""},"categories":[109,6,25,112],"tags":[],"class_list":["post-19986","post","type-post","status-publish","format-standard","has-post-thumbnail","hentry","category-francais","category-livros","category-seguranca-publica-e-defesa","category-download"],"views":308,"_links":{"self":[{"href":"https:\/\/www.bibliotecadeseguranca.com.br\/fr\/wp-json\/wp\/v2\/posts\/19986","targetHints":{"allow":["GET"]}}],"collection":[{"href":"https:\/\/www.bibliotecadeseguranca.com.br\/fr\/wp-json\/wp\/v2\/posts"}],"about":[{"href":"https:\/\/www.bibliotecadeseguranca.com.br\/fr\/wp-json\/wp\/v2\/types\/post"}],"author":[{"embeddable":true,"href":"https:\/\/www.bibliotecadeseguranca.com.br\/fr\/wp-json\/wp\/v2\/users\/3"}],"replies":[{"embeddable":true,"href":"https:\/\/www.bibliotecadeseguranca.com.br\/fr\/wp-json\/wp\/v2\/comments?post=19986"}],"version-history":[{"count":1,"href":"https:\/\/www.bibliotecadeseguranca.com.br\/fr\/wp-json\/wp\/v2\/posts\/19986\/revisions"}],"predecessor-version":[{"id":19988,"href":"https:\/\/www.bibliotecadeseguranca.com.br\/fr\/wp-json\/wp\/v2\/posts\/19986\/revisions\/19988"}],"wp:featuredmedia":[{"embeddable":true,"href":"https:\/\/www.bibliotecadeseguranca.com.br\/fr\/wp-json\/wp\/v2\/media\/19987"}],"wp:attachment":[{"href":"https:\/\/www.bibliotecadeseguranca.com.br\/fr\/wp-json\/wp\/v2\/media?parent=19986"}],"wp:term":[{"taxonomy":"category","embeddable":true,"href":"https:\/\/www.bibliotecadeseguranca.com.br\/fr\/wp-json\/wp\/v2\/categories?post=19986"},{"taxonomy":"post_tag","embeddable":true,"href":"https:\/\/www.bibliotecadeseguranca.com.br\/fr\/wp-json\/wp\/v2\/tags?post=19986"}],"curies":[{"name":"wp","href":"https:\/\/api.w.org\/{rel}","templated":true}]}}