{"id":19936,"date":"2024-08-01T14:00:50","date_gmt":"2024-08-01T17:00:50","guid":{"rendered":"https:\/\/www.bibliotecadeseguranca.com.br\/fr\/?p=19936"},"modified":"2024-08-01T13:51:51","modified_gmt":"2024-08-01T16:51:51","slug":"terrorisme-peurs-et-realite","status":"publish","type":"post","link":"https:\/\/www.bibliotecadeseguranca.com.br\/fr\/livros\/terrorisme-peurs-et-realite\/","title":{"rendered":"Terrorisme &#8211; Peurs et R\u00e9alit\u00e9"},"content":{"rendered":"<p><span style=\"color: #003366;\"><strong><img loading=\"lazy\" decoding=\"async\" class=\"alignleft size-full wp-image-19937\" src=\"https:\/\/www.bibliotecadeseguranca.com.br\/fr\/wp-content\/uploads\/2024\/08\/terrorisme-peurs-et-realite.jpg\" alt=\"Terrorisme - Peurs et R\u00e9alit\u00e9\" width=\"145\" height=\"242\" srcset=\"https:\/\/www.bibliotecadeseguranca.com.br\/fr\/wp-content\/uploads\/2024\/08\/terrorisme-peurs-et-realite.jpg 145w, https:\/\/www.bibliotecadeseguranca.com.br\/fr\/wp-content\/uploads\/2024\/08\/terrorisme-peurs-et-realite-90x150.jpg 90w\" sizes=\"auto, (max-width: 145px) 100vw, 145px\" \/>Fran\u00e7ois L\u00e9gar\u00e9, G\u00e9rard Chaliand<\/strong><\/span><\/p>\n<p><span style=\"color: #003366;\"><strong>Maison d&#8217;\u00e9dition Ath\u00e9na<\/strong><\/span><\/p>\n<p><span style=\"color: #003366;\"><strong>R\u00e9sum\u00e9:<\/strong><\/span> Les \u00c9tats-Unis n\u2019ont pas vu venir les attaques du 11 septembre, malgr\u00e9 qu\u2019ils soient le pays qui d\u00e9pense le plus d\u2019argent pour lutter contre le terrorisme. Pourtant, ces attentats n\u2019\u00e9taient-ils pas plus probables qu\u2019une attaque nucl\u00e9aire, biologique ou chimique de m\u00eame ampleur? \u00abLes attentats du 11 septembre repr\u00e9sentent une op\u00e9ration d\u2019une simplicit\u00e9 \u00e9tonnante par rapport \u00e0 l\u2019ampleur des r\u00e9sultats obtenus.\u00bb \u00abBen Laden et les hauts dirigeants islamistes gravitant autour de lui d\u00e9siraient, dans un geste ultime, forcer les \u00c9tats-Unis et leurs alli\u00e9s \u00e0 les attaquer ouvertement. Dans ce contexte, l\u2019appel au Djihad devient possible et permet aux islamistes radicaux, outre la rh\u00e9torique religieuse, d\u2019enclencher un processus de polarisation du monde musulman envers les Am\u00e9ricains et le reste de l\u2019Occident.\u00bb Extraits de la postface.<\/p>\n","protected":false},"excerpt":{"rendered":"<p>Fran\u00e7ois L\u00e9gar\u00e9, G\u00e9rard Chaliand Maison d&#8217;\u00e9dition Ath\u00e9na R\u00e9sum\u00e9: Les \u00c9tats-Unis n\u2019ont pas vu venir les attaques du 11 septembre, malgr\u00e9 qu\u2019ils soient le pays qui d\u00e9pense le plus d\u2019argent pour lutter contre le terrorisme. Pourtant, ces attentats n\u2019\u00e9taient-ils pas plus probables qu\u2019une attaque nucl\u00e9aire, biologique ou chimique de m\u00eame ampleur? \u00abLes attentats du 11 septembre repr\u00e9sentent une op\u00e9ration d\u2019une simplicit\u00e9 \u00e9tonnante par rapport \u00e0 l\u2019ampleur des r\u00e9sultats obtenus.\u00bb \u00abBen Laden&hellip; <\/p>\n","protected":false},"author":3,"featured_media":19937,"comment_status":"open","ping_status":"closed","sticky":false,"template":"","format":"standard","meta":{"footnotes":""},"categories":[109,6,25],"tags":[],"class_list":["post-19936","post","type-post","status-publish","format-standard","has-post-thumbnail","hentry","category-francais","category-livros","category-seguranca-publica-e-defesa"],"views":190,"_links":{"self":[{"href":"https:\/\/www.bibliotecadeseguranca.com.br\/fr\/wp-json\/wp\/v2\/posts\/19936","targetHints":{"allow":["GET"]}}],"collection":[{"href":"https:\/\/www.bibliotecadeseguranca.com.br\/fr\/wp-json\/wp\/v2\/posts"}],"about":[{"href":"https:\/\/www.bibliotecadeseguranca.com.br\/fr\/wp-json\/wp\/v2\/types\/post"}],"author":[{"embeddable":true,"href":"https:\/\/www.bibliotecadeseguranca.com.br\/fr\/wp-json\/wp\/v2\/users\/3"}],"replies":[{"embeddable":true,"href":"https:\/\/www.bibliotecadeseguranca.com.br\/fr\/wp-json\/wp\/v2\/comments?post=19936"}],"version-history":[{"count":1,"href":"https:\/\/www.bibliotecadeseguranca.com.br\/fr\/wp-json\/wp\/v2\/posts\/19936\/revisions"}],"predecessor-version":[{"id":19938,"href":"https:\/\/www.bibliotecadeseguranca.com.br\/fr\/wp-json\/wp\/v2\/posts\/19936\/revisions\/19938"}],"wp:featuredmedia":[{"embeddable":true,"href":"https:\/\/www.bibliotecadeseguranca.com.br\/fr\/wp-json\/wp\/v2\/media\/19937"}],"wp:attachment":[{"href":"https:\/\/www.bibliotecadeseguranca.com.br\/fr\/wp-json\/wp\/v2\/media?parent=19936"}],"wp:term":[{"taxonomy":"category","embeddable":true,"href":"https:\/\/www.bibliotecadeseguranca.com.br\/fr\/wp-json\/wp\/v2\/categories?post=19936"},{"taxonomy":"post_tag","embeddable":true,"href":"https:\/\/www.bibliotecadeseguranca.com.br\/fr\/wp-json\/wp\/v2\/tags?post=19936"}],"curies":[{"name":"wp","href":"https:\/\/api.w.org\/{rel}","templated":true}]}}