{"id":19929,"date":"2024-07-29T14:00:16","date_gmt":"2024-07-29T17:00:16","guid":{"rendered":"https:\/\/www.bibliotecadeseguranca.com.br\/fr\/?p=19929"},"modified":"2024-07-29T13:11:35","modified_gmt":"2024-07-29T16:11:35","slug":"a-consolidacao-da-guarda-civil-municipal-na-seguranca","status":"publish","type":"post","link":"https:\/\/www.bibliotecadeseguranca.com.br\/fr\/livros\/a-consolidacao-da-guarda-civil-municipal-na-seguranca\/","title":{"rendered":"A Consolida\u00e7\u00e3o da Guarda Civil Municipal na Seguran\u00e7a"},"content":{"rendered":"<p><span style=\"color: #003366;\"><strong><img loading=\"lazy\" decoding=\"async\" class=\"alignleft size-full wp-image-19930\" src=\"https:\/\/www.bibliotecadeseguranca.com.br\/fr\/wp-content\/uploads\/2024\/07\/a-consolidacao-da-guarda-civil-municipal-na-seguranca.jpg\" alt=\"A Consolida\u00e7\u00e3o da Guarda Civil Municipal na Seguran\u00e7a\" width=\"145\" height=\"213\" srcset=\"https:\/\/www.bibliotecadeseguranca.com.br\/fr\/wp-content\/uploads\/2024\/07\/a-consolidacao-da-guarda-civil-municipal-na-seguranca.jpg 145w, https:\/\/www.bibliotecadeseguranca.com.br\/fr\/wp-content\/uploads\/2024\/07\/a-consolidacao-da-guarda-civil-municipal-na-seguranca-102x150.jpg 102w\" sizes=\"auto, (max-width: 145px) 100vw, 145px\" \/>Os\u00e9ias Francisco da Silva<\/strong><\/span><\/p>\n<p><span style=\"color: #003366;\"><strong>Maison d&#8217;\u00e9dition Scortecci<\/strong><\/span><\/p>\n<p><span style=\"color: #003366;\"><strong>R\u00e9sum\u00e9:<\/strong><\/span> Nesta sua nova obra, Os\u00e9ias Francisco da Silva parte da constata\u00e7\u00e3o de certo atraso hist\u00f3rico das guardas civis municipais quando comparadas a outros \u00f3rg\u00e3os da seguran\u00e7a p\u00fablica no pa\u00eds, sobretudo nos aspectos da seguran\u00e7a jur\u00eddica, prerrogativas, cultura organizacional, valoriza\u00e7\u00e3o profissional, organiza\u00e7\u00e3o pol\u00edtica, entre outros. Com base em pesquisas e reflex\u00f5es sobre tais temas, t\u00e3o caros \u00e0 categoria, descortina o horizonte de possibilidades para as corpora\u00e7\u00f5es municipais se consolidarem dentro desse setor estrat\u00e9gico de Estado, com previs\u00e3o constitucional sistematizada pela Lei Federal n\u00ba 13.675\/2018, a fim de alcan\u00e7arem a isonomia nos aspectos poss\u00edveis e necess\u00e1rios, a valoriza\u00e7\u00e3o devida e a seguran\u00e7a jur\u00eddica adequada para estabilidade e previsibilidade no exerc\u00edcio de suas atribui\u00e7\u00f5es e compet\u00eancias legais. A reflex\u00e3o proposta aborda diversas dimens\u00f5es da quest\u00e3o, como o aspecto financeiro e as peculiaridades das cidades e regi\u00f5es brasileiras; as decis\u00f5es de tribunais; a percep\u00e7\u00e3o dos trabalhadores e da sociedade sobre o papel das guardas municipais; a profissionaliza\u00e7\u00e3o e o estabelecimento de um padr\u00e3o t\u00e9cnico; as estruturas de organiza\u00e7\u00e3o institucional, classista e pol\u00edtica, e os desafios da lideran\u00e7a, sua assun\u00e7\u00e3o, manuten\u00e7\u00e3o e sucess\u00e3o. De forma inovadora e pioneira, a obra permite compreender os dilemas enfrentados pelas guardas civis municipais nos \u00e2mbitos interno e externo e aponta caminhos para que superem os desafios e se consolidem na seguran\u00e7a p\u00fablica a m\u00e9dio e longo prazo. A despeito das fragilidades em diversas dimens\u00f5es, da expectativa da sociedade, do cen\u00e1rio perverso da viol\u00eancia e criminalidade, da press\u00e3o da gest\u00e3o, da baixa valoriza\u00e7\u00e3o e das condi\u00e7\u00f5es prec\u00e1rias de trabalho, as guardas municipais t\u00eam demonstrado resili\u00eancia e v\u00eam crescendo quantitativa e qualitativamente, alcan\u00e7ando papel relevante na promo\u00e7\u00e3o da seguran\u00e7a p\u00fablica como direito fundamental em muitas cidades do Brasil. Nesse contexto, seus profissionais fazem muito com pouco. Uma vez qualificados continuamente, valorizados de fato e respaldados pela devida seguran\u00e7a jur\u00eddica, cumprir\u00e3o sua miss\u00e3o na promo\u00e7\u00e3o da seguran\u00e7a aos cidad\u00e3os de forma mais sustent\u00e1vel e com mais qualidade.<\/p>\n","protected":false},"excerpt":{"rendered":"<p>Os\u00e9ias Francisco da Silva Maison d&#8217;\u00e9dition Scortecci R\u00e9sum\u00e9: Nesta sua nova obra, Os\u00e9ias Francisco da Silva parte da constata\u00e7\u00e3o de certo atraso hist\u00f3rico das guardas civis municipais quando comparadas a outros \u00f3rg\u00e3os da seguran\u00e7a p\u00fablica no pa\u00eds, sobretudo nos aspectos da seguran\u00e7a jur\u00eddica, prerrogativas, cultura organizacional, valoriza\u00e7\u00e3o profissional, organiza\u00e7\u00e3o pol\u00edtica, entre outros. Com base em pesquisas e reflex\u00f5es sobre tais temas, t\u00e3o caros \u00e0 categoria, descortina o horizonte de possibilidades&hellip; <\/p>\n","protected":false},"author":3,"featured_media":19930,"comment_status":"open","ping_status":"closed","sticky":false,"template":"","format":"standard","meta":{"footnotes":""},"categories":[6,25],"tags":[],"class_list":["post-19929","post","type-post","status-publish","format-standard","has-post-thumbnail","hentry","category-livros","category-seguranca-publica-e-defesa"],"views":195,"_links":{"self":[{"href":"https:\/\/www.bibliotecadeseguranca.com.br\/fr\/wp-json\/wp\/v2\/posts\/19929","targetHints":{"allow":["GET"]}}],"collection":[{"href":"https:\/\/www.bibliotecadeseguranca.com.br\/fr\/wp-json\/wp\/v2\/posts"}],"about":[{"href":"https:\/\/www.bibliotecadeseguranca.com.br\/fr\/wp-json\/wp\/v2\/types\/post"}],"author":[{"embeddable":true,"href":"https:\/\/www.bibliotecadeseguranca.com.br\/fr\/wp-json\/wp\/v2\/users\/3"}],"replies":[{"embeddable":true,"href":"https:\/\/www.bibliotecadeseguranca.com.br\/fr\/wp-json\/wp\/v2\/comments?post=19929"}],"version-history":[{"count":1,"href":"https:\/\/www.bibliotecadeseguranca.com.br\/fr\/wp-json\/wp\/v2\/posts\/19929\/revisions"}],"predecessor-version":[{"id":19931,"href":"https:\/\/www.bibliotecadeseguranca.com.br\/fr\/wp-json\/wp\/v2\/posts\/19929\/revisions\/19931"}],"wp:featuredmedia":[{"embeddable":true,"href":"https:\/\/www.bibliotecadeseguranca.com.br\/fr\/wp-json\/wp\/v2\/media\/19930"}],"wp:attachment":[{"href":"https:\/\/www.bibliotecadeseguranca.com.br\/fr\/wp-json\/wp\/v2\/media?parent=19929"}],"wp:term":[{"taxonomy":"category","embeddable":true,"href":"https:\/\/www.bibliotecadeseguranca.com.br\/fr\/wp-json\/wp\/v2\/categories?post=19929"},{"taxonomy":"post_tag","embeddable":true,"href":"https:\/\/www.bibliotecadeseguranca.com.br\/fr\/wp-json\/wp\/v2\/tags?post=19929"}],"curies":[{"name":"wp","href":"https:\/\/api.w.org\/{rel}","templated":true}]}}