{"id":19923,"date":"2024-07-26T14:00:15","date_gmt":"2024-07-26T17:00:15","guid":{"rendered":"https:\/\/www.bibliotecadeseguranca.com.br\/fr\/?p=19923"},"modified":"2024-07-26T13:21:53","modified_gmt":"2024-07-26T16:21:53","slug":"formacion-policial-agentes-profesionales-comprometidos-con-la-proteccion-de-la-comunidad","status":"publish","type":"post","link":"https:\/\/www.bibliotecadeseguranca.com.br\/fr\/livros\/formacion-policial-agentes-profesionales-comprometidos-con-la-proteccion-de-la-comunidad\/","title":{"rendered":"Formaci\u00f3n Policial &#8211; Agentes Profesionales Comprometidos con la Protecci\u00f3n de la Comunidad"},"content":{"rendered":"<p><span style=\"color: #003366;\"><strong><img loading=\"lazy\" decoding=\"async\" class=\"alignleft size-full wp-image-19924\" src=\"https:\/\/www.bibliotecadeseguranca.com.br\/fr\/wp-content\/uploads\/2024\/07\/formacion-policial-agentes-profesionales-comprometidos-con-la-proteccion-de-la-comunidad.jpg\" alt=\"Formaci\u00f3n Policial - Agentes Profesionales Comprometidos con la Protecci\u00f3n de la Comunidad\" width=\"145\" height=\"205\" srcset=\"https:\/\/www.bibliotecadeseguranca.com.br\/fr\/wp-content\/uploads\/2024\/07\/formacion-policial-agentes-profesionales-comprometidos-con-la-proteccion-de-la-comunidad.jpg 145w, https:\/\/www.bibliotecadeseguranca.com.br\/fr\/wp-content\/uploads\/2024\/07\/formacion-policial-agentes-profesionales-comprometidos-con-la-proteccion-de-la-comunidad-106x150.jpg 106w\" sizes=\"auto, (max-width: 145px) 100vw, 145px\" \/>Ministerio de Seguridad &#8211; Argentina<\/strong><\/span><\/p>\n<p><span style=\"color: #003366;\"><strong>R\u00e9sum\u00e9:<\/strong><\/span> La publicaci\u00f3n Formaci\u00f3n Policial, Agentes Profesionales comprometidos con la protecci\u00f3n de la comunidad da cuenta de las innovaciones en la formaci\u00f3n inicial de estos funcionarios de acuerdo al Modelo de Formaci\u00f3n Policial basado en Intervenciones Profesionales que actualmente implementa la Escuela Federal de Suboficiales y Agentes de la Polic\u00eda Federal Argentina.<br \/>\nEsta publicaci\u00f3n inicia su recorrido con la descripci\u00f3n de las competencias que debe poseer un agente de calle para desempe\u00f1ar con eficacia su labor en una sociedad democr\u00e1tica. Siendo el trabajo de campo fundamental en el proceso de incorporaci\u00f3n de los conocimientos y destrezas, nos ha parecido fundamental destacar la importancia de los escenarios donde los futuros agentes ponen en pr\u00e1ctica, de forma contextualizada, los roles y procedimientos aprendidos.<br \/>\nEn el cuerpo central de la publicaci\u00f3n se esquematiza el plan de estudios ubicando la pr\u00e1ctica profesional como eje articulador de los diferentes campos de formaci\u00f3n propiciando su integraci\u00f3n con los contenidos y marcos te\u00f3ricos<br \/>\ndesarrollados en el aula.<br \/>\nA modo de cierre se incluyen algunos descriptores que dan cuenta de los aportes centrales de este nuevo modelo de formaci\u00f3n policial.<br \/>\nDedicamos una menci\u00f3n especial al equipo directivo, personal de instructores y docentes de la Escuela Federal de Suboficiales y Agentes \u201cDon Enrique O\u2019gorman\u201d por el tiempo y compromiso empleados en los testimonios brindados que sirvieron de insumo fundamental para el desarrollo de los contenidos del presente libro.<\/p>\n<p><a href=\"https:\/\/www.bibliotecadeseguranca.com.br\/wp-content\/uploads\/2024\/07\/formacion-policial-agentes-profesionales-comprometidos-con-la-proteccion-de-la-comunidad.pdf\" target=\"_blank\" rel=\"noopener\"><img loading=\"lazy\" decoding=\"async\" class=\"alignleft wp-image-12143 size-full\" src=\"https:\/\/www.bibliotecadeseguranca.com.br\/fr\/wp-content\/uploads\/2015\/03\/download_fr.gif\" alt=\"T\u00e9l\u00e9charger\" width=\"107\" height=\"25\" \/><\/a><\/p>\n","protected":false},"excerpt":{"rendered":"<p>Ministerio de Seguridad &#8211; Argentina R\u00e9sum\u00e9: La publicaci\u00f3n Formaci\u00f3n Policial, Agentes Profesionales comprometidos con la protecci\u00f3n de la comunidad da cuenta de las innovaciones en la formaci\u00f3n inicial de estos funcionarios de acuerdo al Modelo de Formaci\u00f3n Policial basado en Intervenciones Profesionales que actualmente implementa la Escuela Federal de Suboficiales y Agentes de la Polic\u00eda Federal Argentina. Esta publicaci\u00f3n inicia su recorrido con la descripci\u00f3n de las competencias que debe&hellip; <\/p>\n","protected":false},"author":3,"featured_media":19924,"comment_status":"open","ping_status":"closed","sticky":false,"template":"","format":"standard","meta":{"footnotes":""},"categories":[81,6,25,112],"tags":[],"class_list":["post-19923","post","type-post","status-publish","format-standard","has-post-thumbnail","hentry","category-espanol","category-livros","category-seguranca-publica-e-defesa","category-download"],"views":243,"_links":{"self":[{"href":"https:\/\/www.bibliotecadeseguranca.com.br\/fr\/wp-json\/wp\/v2\/posts\/19923","targetHints":{"allow":["GET"]}}],"collection":[{"href":"https:\/\/www.bibliotecadeseguranca.com.br\/fr\/wp-json\/wp\/v2\/posts"}],"about":[{"href":"https:\/\/www.bibliotecadeseguranca.com.br\/fr\/wp-json\/wp\/v2\/types\/post"}],"author":[{"embeddable":true,"href":"https:\/\/www.bibliotecadeseguranca.com.br\/fr\/wp-json\/wp\/v2\/users\/3"}],"replies":[{"embeddable":true,"href":"https:\/\/www.bibliotecadeseguranca.com.br\/fr\/wp-json\/wp\/v2\/comments?post=19923"}],"version-history":[{"count":1,"href":"https:\/\/www.bibliotecadeseguranca.com.br\/fr\/wp-json\/wp\/v2\/posts\/19923\/revisions"}],"predecessor-version":[{"id":19925,"href":"https:\/\/www.bibliotecadeseguranca.com.br\/fr\/wp-json\/wp\/v2\/posts\/19923\/revisions\/19925"}],"wp:featuredmedia":[{"embeddable":true,"href":"https:\/\/www.bibliotecadeseguranca.com.br\/fr\/wp-json\/wp\/v2\/media\/19924"}],"wp:attachment":[{"href":"https:\/\/www.bibliotecadeseguranca.com.br\/fr\/wp-json\/wp\/v2\/media?parent=19923"}],"wp:term":[{"taxonomy":"category","embeddable":true,"href":"https:\/\/www.bibliotecadeseguranca.com.br\/fr\/wp-json\/wp\/v2\/categories?post=19923"},{"taxonomy":"post_tag","embeddable":true,"href":"https:\/\/www.bibliotecadeseguranca.com.br\/fr\/wp-json\/wp\/v2\/tags?post=19923"}],"curies":[{"name":"wp","href":"https:\/\/api.w.org\/{rel}","templated":true}]}}