{"id":19889,"date":"2024-07-12T14:00:29","date_gmt":"2024-07-12T17:00:29","guid":{"rendered":"https:\/\/www.bibliotecadeseguranca.com.br\/fr\/?p=19889"},"modified":"2024-07-12T13:15:31","modified_gmt":"2024-07-12T16:15:31","slug":"quartiers-de-reconquete-republicaine","status":"publish","type":"post","link":"https:\/\/www.bibliotecadeseguranca.com.br\/fr\/livros\/quartiers-de-reconquete-republicaine\/","title":{"rendered":"Quartiers de Reconqu\u00eate R\u00e9publicaine"},"content":{"rendered":"<p><span style=\"color: #003366;\"><strong><img loading=\"lazy\" decoding=\"async\" class=\"alignleft size-full wp-image-19890\" src=\"https:\/\/www.bibliotecadeseguranca.com.br\/fr\/wp-content\/uploads\/2024\/07\/quartiers-de-reconquete-republicaine.jpg\" alt=\"Quartiers de Reconqu\u00eate R\u00e9publicaine\" width=\"145\" height=\"205\" srcset=\"https:\/\/www.bibliotecadeseguranca.com.br\/fr\/wp-content\/uploads\/2024\/07\/quartiers-de-reconquete-republicaine.jpg 145w, https:\/\/www.bibliotecadeseguranca.com.br\/fr\/wp-content\/uploads\/2024\/07\/quartiers-de-reconquete-republicaine-106x150.jpg 106w\" sizes=\"auto, (max-width: 145px) 100vw, 145px\" \/>Minist\u00e8rie de l&#8217;Interieur &#8211; France<\/strong><\/span><\/p>\n<p><span style=\"color: #003366;\"><strong>R\u00e9sum\u00e9:<\/strong><\/span> Depuis pr\u00e8s de de 18 mois, sur tout le territoire, au plus pr\u00e8s des Fran\u00e7ais, la police de s\u00e9curit\u00e9 du quotidien se d\u00e9ploie. Voulue par le Pr\u00e9sident de la R\u00e9publique, cette nouvelle mani\u00e8re de faire et de penser s\u2019est d\u00e9sormais bien install\u00e9e et met fin au mythe tenace selon lequel nous pourrions avoir une strat\u00e9gie de s\u00e9curit\u00e9 unique d\u00e9cid\u00e9e par Paris.<br \/>\nStrat\u00e9gies locales de s\u00e9curit\u00e9, dialogue avec les populations, multiplication des partenariats avec les acteurs locaux : c\u2019est une s\u00e9curit\u00e9 sur-mesure que nous b\u00e2tissons, une s\u00e9curit\u00e9 adapt\u00e9e \u00e0 chaque territoire et \u00e0 chaque type de d\u00e9linquance.<br \/>\nAu c\u0153ur de la police de s\u00e9curit\u00e9 du quotidien se trouve une volont\u00e9 : combattre les zones o\u00f9 les incivilit\u00e9s, les violences, les trafics et la radicalisation emp\u00eachent la vie des habitants.<br \/>\nTrop souvent, une minorit\u00e9 de d\u00e9linquants prend en otage ces quartiers et entretiennent une dynamique de d\u00e9fiance envers les figures de l\u2019\u00c9tat : police et gendarmerie, bien s\u00fbr, mais aussi sapeurs-pompiers, qui sont parfois victimes d\u2019agressions inacceptables.<br \/>\nFace \u00e0 cela, notre engagement, avec Laurent Nu\u00f1ez, est clair : chaque Fran\u00e7ais, o\u00f9 qu\u2019il habite a droit \u00e0 la s\u00e9curit\u00e9 et la loi doit \u00eatre appliqu\u00e9e sur chaque m\u00e8tre carr\u00e9 de la R\u00e9publique. C\u2019est pourquoi les quartiers de reconqu\u00eate r\u00e9publicaine ont vu le jour.<br \/>\nLes quartiers de reconqu\u00eate r\u00e9publicaine, c\u2019est un engagement simple, concret : 10 \u00e0 35 policiers ou gendarmes suppl\u00e9mentaires l\u00e0 o\u00f9 il y en a le plus besoin. 10 \u00e0 35 policiers ou gendarmes, directement sur le terrain, dans les rues, pour combattre les trafics et r\u00e9tablir le fil de la confiance avec les habitants.<\/p>\n<p><a href=\"https:\/\/www.bibliotecadeseguranca.com.br\/wp-content\/uploads\/2024\/07\/quartiers-de-reconquete-republicaine.pdf\" target=\"_blank\" rel=\"noopener\"><img loading=\"lazy\" decoding=\"async\" class=\"alignleft wp-image-12143 size-full\" src=\"https:\/\/www.bibliotecadeseguranca.com.br\/fr\/wp-content\/uploads\/2015\/03\/download_fr.gif\" alt=\"T\u00e9l\u00e9charger\" width=\"107\" height=\"25\" \/><\/a><\/p>\n","protected":false},"excerpt":{"rendered":"<p>Minist\u00e8rie de l&#8217;Interieur &#8211; France R\u00e9sum\u00e9: Depuis pr\u00e8s de de 18 mois, sur tout le territoire, au plus pr\u00e8s des Fran\u00e7ais, la police de s\u00e9curit\u00e9 du quotidien se d\u00e9ploie. Voulue par le Pr\u00e9sident de la R\u00e9publique, cette nouvelle mani\u00e8re de faire et de penser s\u2019est d\u00e9sormais bien install\u00e9e et met fin au mythe tenace selon lequel nous pourrions avoir une strat\u00e9gie de s\u00e9curit\u00e9 unique d\u00e9cid\u00e9e par Paris. Strat\u00e9gies locales de&hellip; <\/p>\n","protected":false},"author":3,"featured_media":19890,"comment_status":"open","ping_status":"closed","sticky":false,"template":"","format":"standard","meta":{"footnotes":""},"categories":[109,6,25,112],"tags":[],"class_list":["post-19889","post","type-post","status-publish","format-standard","has-post-thumbnail","hentry","category-francais","category-livros","category-seguranca-publica-e-defesa","category-download"],"views":169,"_links":{"self":[{"href":"https:\/\/www.bibliotecadeseguranca.com.br\/fr\/wp-json\/wp\/v2\/posts\/19889","targetHints":{"allow":["GET"]}}],"collection":[{"href":"https:\/\/www.bibliotecadeseguranca.com.br\/fr\/wp-json\/wp\/v2\/posts"}],"about":[{"href":"https:\/\/www.bibliotecadeseguranca.com.br\/fr\/wp-json\/wp\/v2\/types\/post"}],"author":[{"embeddable":true,"href":"https:\/\/www.bibliotecadeseguranca.com.br\/fr\/wp-json\/wp\/v2\/users\/3"}],"replies":[{"embeddable":true,"href":"https:\/\/www.bibliotecadeseguranca.com.br\/fr\/wp-json\/wp\/v2\/comments?post=19889"}],"version-history":[{"count":1,"href":"https:\/\/www.bibliotecadeseguranca.com.br\/fr\/wp-json\/wp\/v2\/posts\/19889\/revisions"}],"predecessor-version":[{"id":19891,"href":"https:\/\/www.bibliotecadeseguranca.com.br\/fr\/wp-json\/wp\/v2\/posts\/19889\/revisions\/19891"}],"wp:featuredmedia":[{"embeddable":true,"href":"https:\/\/www.bibliotecadeseguranca.com.br\/fr\/wp-json\/wp\/v2\/media\/19890"}],"wp:attachment":[{"href":"https:\/\/www.bibliotecadeseguranca.com.br\/fr\/wp-json\/wp\/v2\/media?parent=19889"}],"wp:term":[{"taxonomy":"category","embeddable":true,"href":"https:\/\/www.bibliotecadeseguranca.com.br\/fr\/wp-json\/wp\/v2\/categories?post=19889"},{"taxonomy":"post_tag","embeddable":true,"href":"https:\/\/www.bibliotecadeseguranca.com.br\/fr\/wp-json\/wp\/v2\/tags?post=19889"}],"curies":[{"name":"wp","href":"https:\/\/api.w.org\/{rel}","templated":true}]}}