{"id":19864,"date":"2024-07-01T14:00:56","date_gmt":"2024-07-01T17:00:56","guid":{"rendered":"https:\/\/www.bibliotecadeseguranca.com.br\/fr\/?p=19864"},"modified":"2024-07-01T13:13:38","modified_gmt":"2024-07-01T16:13:38","slug":"seguranca-publica-e-gestao-no-municipio","status":"publish","type":"post","link":"https:\/\/www.bibliotecadeseguranca.com.br\/fr\/livros\/seguranca-publica-e-gestao-no-municipio\/","title":{"rendered":"Seguran\u00e7a P\u00fablica e Gest\u00e3o no Munic\u00edpio"},"content":{"rendered":"<p><span style=\"color: #003366;\"><strong><img loading=\"lazy\" decoding=\"async\" class=\"alignleft size-full wp-image-19865\" src=\"https:\/\/www.bibliotecadeseguranca.com.br\/fr\/wp-content\/uploads\/2024\/07\/seguranca-publica-e-gestao-no-municipio.jpg\" alt=\"Seguran\u00e7a P\u00fablica e Gest\u00e3o no Munic\u00edpio\" width=\"145\" height=\"205\" srcset=\"https:\/\/www.bibliotecadeseguranca.com.br\/fr\/wp-content\/uploads\/2024\/07\/seguranca-publica-e-gestao-no-municipio.jpg 145w, https:\/\/www.bibliotecadeseguranca.com.br\/fr\/wp-content\/uploads\/2024\/07\/seguranca-publica-e-gestao-no-municipio-106x150.jpg 106w\" sizes=\"auto, (max-width: 145px) 100vw, 145px\" \/>Flaviane Aparecida da Silva<\/strong><\/span><\/p>\n<p><span style=\"color: #003366;\"><strong>Maison d&#8217;\u00e9dition Dial\u00e9tica<\/strong><\/span><\/p>\n<p><span style=\"color: #003366;\"><strong>R\u00e9sum\u00e9:<\/strong><\/span> O oferecimento de uma seguran\u00e7a p\u00fablica democr\u00e1tica que atenda aos imperativos das atuais formas de exerc\u00edcio da cidadania e concretize os direitos fundamentais vem trazendo para o poder local a consci\u00eancia, ainda remota, de que uma parte expressiva dos instrumentos \u00fateis e indispens\u00e1veis ao provimento da seguran\u00e7a p\u00fablica est\u00e1 sob o controle do munic\u00edpio, tendo as a\u00e7\u00f5es de preven\u00e7\u00e3o local papel preponderante nas a\u00e7\u00f5es de seguran\u00e7a p\u00fablica. A a\u00e7\u00e3o do poder local pode refletir na diminui\u00e7\u00e3o da criminalidade e na preven\u00e7\u00e3o da viol\u00eancia pelo motivo de se estar muito mais pr\u00f3ximo das comunidades e de suas rela\u00e7\u00f5es sociais cotidianas. Nesse sentido, a pesquisa abordou as formas de se fazer seguran\u00e7a p\u00fablica, por vezes ignorada pelo poder p\u00fablico, mas que, muitas vezes, representam mais efici\u00eancia que o modelo tradicional. O munic\u00edpio n\u00e3o necessita do poder policial para contribuir com a oferta de uma vida melhor, justa e mais segura para seus cidad\u00e3os. A potencialidade do munic\u00edpio \u00e9 medida atrav\u00e9s da proximidade com o problema social e a desenvoltura das suas solu\u00e7\u00f5es.<\/p>\n","protected":false},"excerpt":{"rendered":"<p>Flaviane Aparecida da Silva Maison d&#8217;\u00e9dition Dial\u00e9tica R\u00e9sum\u00e9: O oferecimento de uma seguran\u00e7a p\u00fablica democr\u00e1tica que atenda aos imperativos das atuais formas de exerc\u00edcio da cidadania e concretize os direitos fundamentais vem trazendo para o poder local a consci\u00eancia, ainda remota, de que uma parte expressiva dos instrumentos \u00fateis e indispens\u00e1veis ao provimento da seguran\u00e7a p\u00fablica est\u00e1 sob o controle do munic\u00edpio, tendo as a\u00e7\u00f5es de preven\u00e7\u00e3o local papel preponderante&hellip; <\/p>\n","protected":false},"author":3,"featured_media":19865,"comment_status":"open","ping_status":"closed","sticky":false,"template":"","format":"standard","meta":{"footnotes":""},"categories":[6,25],"tags":[],"class_list":["post-19864","post","type-post","status-publish","format-standard","has-post-thumbnail","hentry","category-livros","category-seguranca-publica-e-defesa"],"views":88,"_links":{"self":[{"href":"https:\/\/www.bibliotecadeseguranca.com.br\/fr\/wp-json\/wp\/v2\/posts\/19864","targetHints":{"allow":["GET"]}}],"collection":[{"href":"https:\/\/www.bibliotecadeseguranca.com.br\/fr\/wp-json\/wp\/v2\/posts"}],"about":[{"href":"https:\/\/www.bibliotecadeseguranca.com.br\/fr\/wp-json\/wp\/v2\/types\/post"}],"author":[{"embeddable":true,"href":"https:\/\/www.bibliotecadeseguranca.com.br\/fr\/wp-json\/wp\/v2\/users\/3"}],"replies":[{"embeddable":true,"href":"https:\/\/www.bibliotecadeseguranca.com.br\/fr\/wp-json\/wp\/v2\/comments?post=19864"}],"version-history":[{"count":1,"href":"https:\/\/www.bibliotecadeseguranca.com.br\/fr\/wp-json\/wp\/v2\/posts\/19864\/revisions"}],"predecessor-version":[{"id":19866,"href":"https:\/\/www.bibliotecadeseguranca.com.br\/fr\/wp-json\/wp\/v2\/posts\/19864\/revisions\/19866"}],"wp:featuredmedia":[{"embeddable":true,"href":"https:\/\/www.bibliotecadeseguranca.com.br\/fr\/wp-json\/wp\/v2\/media\/19865"}],"wp:attachment":[{"href":"https:\/\/www.bibliotecadeseguranca.com.br\/fr\/wp-json\/wp\/v2\/media?parent=19864"}],"wp:term":[{"taxonomy":"category","embeddable":true,"href":"https:\/\/www.bibliotecadeseguranca.com.br\/fr\/wp-json\/wp\/v2\/categories?post=19864"},{"taxonomy":"post_tag","embeddable":true,"href":"https:\/\/www.bibliotecadeseguranca.com.br\/fr\/wp-json\/wp\/v2\/tags?post=19864"}],"curies":[{"name":"wp","href":"https:\/\/api.w.org\/{rel}","templated":true}]}}