{"id":19858,"date":"2024-06-28T14:00:55","date_gmt":"2024-06-28T17:00:55","guid":{"rendered":"https:\/\/www.bibliotecadeseguranca.com.br\/fr\/?p=19858"},"modified":"2024-06-28T13:47:06","modified_gmt":"2024-06-28T16:47:06","slug":"strategie-nationale-de-lutte-contre-la-traite-de-personnes-du-canada","status":"publish","type":"post","link":"https:\/\/www.bibliotecadeseguranca.com.br\/fr\/livros\/strategie-nationale-de-lutte-contre-la-traite-de-personnes-du-canada\/","title":{"rendered":"Strat\u00e9gie Nationale de Lutte Contre la Traite de Personnes du Canada"},"content":{"rendered":"<p><span style=\"color: #003366;\"><strong><img loading=\"lazy\" decoding=\"async\" class=\"alignleft size-full wp-image-19859\" src=\"https:\/\/www.bibliotecadeseguranca.com.br\/fr\/wp-content\/uploads\/2024\/06\/strategie-nationale-de-lutte-contre-la-traite-de-personnes-du-canada.jpg\" alt=\"Strat\u00e9gie Nationale de Lutte Contre la Traite de Personnes du Canada\" width=\"145\" height=\"188\" srcset=\"https:\/\/www.bibliotecadeseguranca.com.br\/fr\/wp-content\/uploads\/2024\/06\/strategie-nationale-de-lutte-contre-la-traite-de-personnes-du-canada.jpg 145w, https:\/\/www.bibliotecadeseguranca.com.br\/fr\/wp-content\/uploads\/2024\/06\/strategie-nationale-de-lutte-contre-la-traite-de-personnes-du-canada-116x150.jpg 116w\" sizes=\"auto, (max-width: 145px) 100vw, 145px\" \/>Gouvernement du Canada<\/strong><\/span><\/p>\n<p><span style=\"color: #003366;\"><strong>R\u00e9sum\u00e9:<\/strong><\/span> Il s\u2019agit du premier Rapport annuel sur l\u2019\u00e9tat d\u2019avancement de la Strat\u00e9gie nationale de lutte contre la traite des personnes (Strat\u00e9gie nationale) du Canada, qui a \u00e9t\u00e9 lanc\u00e9 le 4 septembre 2019. Ce rapport couvre les efforts de lutte contre la traite des personnes du 1er avril 2019 au 31 mars 2020. La Strat\u00e9gie nationale quinquennale horizontale consolide les efforts des minist\u00e8res et organismes f\u00e9d\u00e9raux qui luttent contre la traite des personnes tant au pays qu\u2019\u00e0 l\u2019\u00e9tranger. Dirig\u00e9e par le minist\u00e8re de la S\u00e9curit\u00e9 publique et de la Protection civile, la Strat\u00e9gie nationale s\u2019appuie sur les efforts ant\u00e9rieurs de lutte contre la traite des personnes, appuie l\u2019engagement plus large du gouvernement du Canada de pr\u00e9venir et de combattre la violence fond\u00e9e sur le sexe et s\u2019harmonise aux engagements internationaux du Canada.<\/p>\n<p><a href=\"https:\/\/www.bibliotecadeseguranca.com.br\/wp-content\/uploads\/2024\/06\/strategie-nationale-de-lutte-contre-la-traite-de-personnes-du-canada.pdf\" target=\"_blank\" rel=\"noopener\"><img loading=\"lazy\" decoding=\"async\" class=\"alignleft wp-image-12143 size-full\" src=\"https:\/\/www.bibliotecadeseguranca.com.br\/fr\/wp-content\/uploads\/2015\/03\/download_fr.gif\" alt=\"T\u00e9l\u00e9charger\" width=\"107\" height=\"25\" \/><\/a><\/p>\n","protected":false},"excerpt":{"rendered":"<p>Gouvernement du Canada R\u00e9sum\u00e9: Il s\u2019agit du premier Rapport annuel sur l\u2019\u00e9tat d\u2019avancement de la Strat\u00e9gie nationale de lutte contre la traite des personnes (Strat\u00e9gie nationale) du Canada, qui a \u00e9t\u00e9 lanc\u00e9 le 4 septembre 2019. Ce rapport couvre les efforts de lutte contre la traite des personnes du 1er avril 2019 au 31 mars 2020. La Strat\u00e9gie nationale quinquennale horizontale consolide les efforts des minist\u00e8res et organismes f\u00e9d\u00e9raux qui&hellip; <\/p>\n","protected":false},"author":3,"featured_media":19859,"comment_status":"open","ping_status":"closed","sticky":false,"template":"","format":"standard","meta":{"footnotes":""},"categories":[109,6,25,112],"tags":[],"class_list":["post-19858","post","type-post","status-publish","format-standard","has-post-thumbnail","hentry","category-francais","category-livros","category-seguranca-publica-e-defesa","category-download"],"views":286,"_links":{"self":[{"href":"https:\/\/www.bibliotecadeseguranca.com.br\/fr\/wp-json\/wp\/v2\/posts\/19858","targetHints":{"allow":["GET"]}}],"collection":[{"href":"https:\/\/www.bibliotecadeseguranca.com.br\/fr\/wp-json\/wp\/v2\/posts"}],"about":[{"href":"https:\/\/www.bibliotecadeseguranca.com.br\/fr\/wp-json\/wp\/v2\/types\/post"}],"author":[{"embeddable":true,"href":"https:\/\/www.bibliotecadeseguranca.com.br\/fr\/wp-json\/wp\/v2\/users\/3"}],"replies":[{"embeddable":true,"href":"https:\/\/www.bibliotecadeseguranca.com.br\/fr\/wp-json\/wp\/v2\/comments?post=19858"}],"version-history":[{"count":1,"href":"https:\/\/www.bibliotecadeseguranca.com.br\/fr\/wp-json\/wp\/v2\/posts\/19858\/revisions"}],"predecessor-version":[{"id":19860,"href":"https:\/\/www.bibliotecadeseguranca.com.br\/fr\/wp-json\/wp\/v2\/posts\/19858\/revisions\/19860"}],"wp:featuredmedia":[{"embeddable":true,"href":"https:\/\/www.bibliotecadeseguranca.com.br\/fr\/wp-json\/wp\/v2\/media\/19859"}],"wp:attachment":[{"href":"https:\/\/www.bibliotecadeseguranca.com.br\/fr\/wp-json\/wp\/v2\/media?parent=19858"}],"wp:term":[{"taxonomy":"category","embeddable":true,"href":"https:\/\/www.bibliotecadeseguranca.com.br\/fr\/wp-json\/wp\/v2\/categories?post=19858"},{"taxonomy":"post_tag","embeddable":true,"href":"https:\/\/www.bibliotecadeseguranca.com.br\/fr\/wp-json\/wp\/v2\/tags?post=19858"}],"curies":[{"name":"wp","href":"https:\/\/api.w.org\/{rel}","templated":true}]}}