{"id":19855,"date":"2024-06-27T14:00:13","date_gmt":"2024-06-27T17:00:13","guid":{"rendered":"https:\/\/www.bibliotecadeseguranca.com.br\/fr\/?p=19855"},"modified":"2024-06-27T12:55:30","modified_gmt":"2024-06-27T15:55:30","slug":"seguridad-ciudadana-y-medios-de-comunicacion","status":"publish","type":"post","link":"https:\/\/www.bibliotecadeseguranca.com.br\/fr\/livros\/seguridad-ciudadana-y-medios-de-comunicacion\/","title":{"rendered":"Seguridad Ciudadana y Medios de Comunicaci\u00f3n"},"content":{"rendered":"<p><span style=\"color: #003366;\"><strong><img loading=\"lazy\" decoding=\"async\" class=\"alignleft size-full wp-image-19856\" src=\"https:\/\/www.bibliotecadeseguranca.com.br\/fr\/wp-content\/uploads\/2024\/06\/seguridad-ciudadana-y-medios-de-comunicacion.jpg\" alt=\"Seguridad Ciudadana y Medios de Comunicaci\u00f3n\" width=\"145\" height=\"205\" srcset=\"https:\/\/www.bibliotecadeseguranca.com.br\/fr\/wp-content\/uploads\/2024\/06\/seguridad-ciudadana-y-medios-de-comunicacion.jpg 145w, https:\/\/www.bibliotecadeseguranca.com.br\/fr\/wp-content\/uploads\/2024\/06\/seguridad-ciudadana-y-medios-de-comunicacion-106x150.jpg 106w\" sizes=\"auto, (max-width: 145px) 100vw, 145px\" \/>ONU<\/strong><\/span><\/p>\n<p><span style=\"color: #003366;\"><strong>R\u00e9sum\u00e9:<\/strong><\/span> La seguridad es un tema de preocupaci\u00f3n p\u00fablica reciente; ingres\u00f3 y cop\u00f3 los espacios en los medios de comunicaci\u00f3n, en el debate pol\u00edtico y en el inter\u00e9s ciudadano en pocos a\u00f1os. Esta irrupci\u00f3n fue tan r\u00e1pida que, adem\u00e1s de impedir a los actores involucrados disponer de las herramientas institucionales necesarias para promoverla con eficacia, tampoco permiti\u00f3 contar con un conjunto relativamente com\u00fan de conceptos que faciliten el debate y la articulaci\u00f3n de esfuerzos.<br \/>\nPor ello, paralelo al esfuerzo de construir capacidades institucionales en el sistema de seguridad ciudadana*, el Programa de las Naciones Unidas para el Desarrollo (PNUD) busca estimular el di\u00e1logo democr\u00e1tico informado, que permita intercambiar conocimientos, percepciones y opiniones en un marco de entendimiento com\u00fan. La realizaci\u00f3n del Coloquio Internacional: Seguridad ciudadana y medios de comunicaci\u00f3n y la publicaci\u00f3n de esta memoria pretenden constituirse en \u00fatiles aportes de informaci\u00f3n e ideas conducentes al establecimiento de \u00e1mbitos de deliberaci\u00f3n democr\u00e1tica m\u00e1s estables.<\/p>\n<p><a href=\"https:\/\/www.bibliotecadeseguranca.com.br\/wp-content\/uploads\/2024\/06\/seguridad-ciudadana-y-medios-de-comunicacion.pdf\" target=\"_blank\" rel=\"noopener\"><img loading=\"lazy\" decoding=\"async\" class=\"alignleft wp-image-12143 size-full\" src=\"https:\/\/www.bibliotecadeseguranca.com.br\/fr\/wp-content\/uploads\/2015\/03\/download_fr.gif\" alt=\"T\u00e9l\u00e9charger\" width=\"107\" height=\"25\" \/><\/a><\/p>\n","protected":false},"excerpt":{"rendered":"<p>ONU R\u00e9sum\u00e9: La seguridad es un tema de preocupaci\u00f3n p\u00fablica reciente; ingres\u00f3 y cop\u00f3 los espacios en los medios de comunicaci\u00f3n, en el debate pol\u00edtico y en el inter\u00e9s ciudadano en pocos a\u00f1os. Esta irrupci\u00f3n fue tan r\u00e1pida que, adem\u00e1s de impedir a los actores involucrados disponer de las herramientas institucionales necesarias para promoverla con eficacia, tampoco permiti\u00f3 contar con un conjunto relativamente com\u00fan de conceptos que faciliten el debate&hellip; <\/p>\n","protected":false},"author":3,"featured_media":19856,"comment_status":"open","ping_status":"closed","sticky":false,"template":"","format":"standard","meta":{"footnotes":""},"categories":[81,6,25,112],"tags":[],"class_list":["post-19855","post","type-post","status-publish","format-standard","has-post-thumbnail","hentry","category-espanol","category-livros","category-seguranca-publica-e-defesa","category-download"],"views":378,"_links":{"self":[{"href":"https:\/\/www.bibliotecadeseguranca.com.br\/fr\/wp-json\/wp\/v2\/posts\/19855","targetHints":{"allow":["GET"]}}],"collection":[{"href":"https:\/\/www.bibliotecadeseguranca.com.br\/fr\/wp-json\/wp\/v2\/posts"}],"about":[{"href":"https:\/\/www.bibliotecadeseguranca.com.br\/fr\/wp-json\/wp\/v2\/types\/post"}],"author":[{"embeddable":true,"href":"https:\/\/www.bibliotecadeseguranca.com.br\/fr\/wp-json\/wp\/v2\/users\/3"}],"replies":[{"embeddable":true,"href":"https:\/\/www.bibliotecadeseguranca.com.br\/fr\/wp-json\/wp\/v2\/comments?post=19855"}],"version-history":[{"count":1,"href":"https:\/\/www.bibliotecadeseguranca.com.br\/fr\/wp-json\/wp\/v2\/posts\/19855\/revisions"}],"predecessor-version":[{"id":19857,"href":"https:\/\/www.bibliotecadeseguranca.com.br\/fr\/wp-json\/wp\/v2\/posts\/19855\/revisions\/19857"}],"wp:featuredmedia":[{"embeddable":true,"href":"https:\/\/www.bibliotecadeseguranca.com.br\/fr\/wp-json\/wp\/v2\/media\/19856"}],"wp:attachment":[{"href":"https:\/\/www.bibliotecadeseguranca.com.br\/fr\/wp-json\/wp\/v2\/media?parent=19855"}],"wp:term":[{"taxonomy":"category","embeddable":true,"href":"https:\/\/www.bibliotecadeseguranca.com.br\/fr\/wp-json\/wp\/v2\/categories?post=19855"},{"taxonomy":"post_tag","embeddable":true,"href":"https:\/\/www.bibliotecadeseguranca.com.br\/fr\/wp-json\/wp\/v2\/tags?post=19855"}],"curies":[{"name":"wp","href":"https:\/\/api.w.org\/{rel}","templated":true}]}}