{"id":19842,"date":"2024-06-21T14:00:00","date_gmt":"2024-06-21T17:00:00","guid":{"rendered":"https:\/\/www.bibliotecadeseguranca.com.br\/fr\/?p=19842"},"modified":"2024-06-21T13:31:57","modified_gmt":"2024-06-21T16:31:57","slug":"une-securite-publique-efficace-et-responsable","status":"publish","type":"post","link":"https:\/\/www.bibliotecadeseguranca.com.br\/fr\/livros\/une-securite-publique-efficace-et-responsable\/","title":{"rendered":"Une S\u00e9curit\u00e9 Publique Efficace et Responsable ?"},"content":{"rendered":"<p><span style=\"color: #003366;\"><strong><img loading=\"lazy\" decoding=\"async\" class=\"alignleft size-full wp-image-19843\" src=\"https:\/\/www.bibliotecadeseguranca.com.br\/fr\/wp-content\/uploads\/2024\/06\/une-securite-publique-efficace-et-responsable.jpg\" alt=\"Une S\u00e9curit\u00e9 Publique Efficace et Responsable ?\" width=\"145\" height=\"225\" srcset=\"https:\/\/www.bibliotecadeseguranca.com.br\/fr\/wp-content\/uploads\/2024\/06\/une-securite-publique-efficace-et-responsable.jpg 145w, https:\/\/www.bibliotecadeseguranca.com.br\/fr\/wp-content\/uploads\/2024\/06\/une-securite-publique-efficace-et-responsable-97x150.jpg 97w\" sizes=\"auto, (max-width: 145px) 100vw, 145px\" \/>Joan Le Goff, Claire Edey Gamassou, Patrick Fleurentdidier, Yves Palau<\/strong><\/span><\/p>\n<p><span style=\"color: #003366;\"><strong>Maison d&#8217;\u00e9dition EMS<\/strong><\/span><\/p>\n<p><span style=\"color: #003366;\"><strong>R\u00e9sum\u00e9:<\/strong><\/span> Institution multis\u00e9culaire, la Gendarmerie nationale a fait la d\u00e9monstration de sa capacit\u00e9 \u00e0 s\u2019engager sur des fronts vari\u00e9s. Cette large palette de responsabilit\u00e9s s\u2019est sans cesse enrichie, conduisant la gendarmerie \u00e0 \u00e9voluer, avec de nouvelles comp\u00e9tences, des pratiques r\u00e9nov\u00e9es et des r\u00e9formes institutionnelles. Pour autant, les ann\u00e9es r\u00e9centes ont fait surgir de nouveaux enjeux, aussi bien en interne qu\u2019au regard de la soci\u00e9t\u00e9, en pleine mutation.<br \/>\nFruit d\u2019un colloque scientifique interdisciplinaire qui s\u2019est tenu sous l\u2019\u00e9gide de l\u2019\u00c9cole des officiers de la Gendarmerie nationale (EOGN) et de l\u2019universit\u00e9 Paris-Est Cr\u00e9teil (Upec), cet ouvrage propose de porter un \u00e9clairage acad\u00e9mique sur ces d\u00e9fis manag\u00e9riaux et soci\u00e9taux. Les pratiques de la gendarmerie sont questionn\u00e9es \u00e0 travers les travaux de chercheurs en sciences de gestion et en science politique. En conclusion, un prolongement vers un sujet essentiel : servir et prot\u00e9ger l\u2019environnement.<br \/>\nOuvert par une pr\u00e9face du g\u00e9n\u00e9ral de division Laurent Bitouzet, ce livre est destin\u00e9 aux \u00e9tudiants de niveau master et doctorat (en sciences de gestion, science politique, sociologie, management public), aux chercheurs ou aux officiers de gendarmerie d\u00e9sireux de mieux comprendre leur institution et, de fa\u00e7on g\u00e9n\u00e9rale, \u00e0 celles et ceux qu\u2019int\u00e9ressent les probl\u00e9matiques de s\u00e9curit\u00e9, de commandement et de management d\u2019une organisation publique.<\/p>\n","protected":false},"excerpt":{"rendered":"<p>Joan Le Goff, Claire Edey Gamassou, Patrick Fleurentdidier, Yves Palau Maison d&#8217;\u00e9dition EMS R\u00e9sum\u00e9: Institution multis\u00e9culaire, la Gendarmerie nationale a fait la d\u00e9monstration de sa capacit\u00e9 \u00e0 s\u2019engager sur des fronts vari\u00e9s. Cette large palette de responsabilit\u00e9s s\u2019est sans cesse enrichie, conduisant la gendarmerie \u00e0 \u00e9voluer, avec de nouvelles comp\u00e9tences, des pratiques r\u00e9nov\u00e9es et des r\u00e9formes institutionnelles. Pour autant, les ann\u00e9es r\u00e9centes ont fait surgir de nouveaux enjeux, aussi bien&hellip; <\/p>\n","protected":false},"author":3,"featured_media":19843,"comment_status":"open","ping_status":"closed","sticky":false,"template":"","format":"standard","meta":{"footnotes":""},"categories":[109,6,25],"tags":[],"class_list":["post-19842","post","type-post","status-publish","format-standard","has-post-thumbnail","hentry","category-francais","category-livros","category-seguranca-publica-e-defesa"],"views":153,"_links":{"self":[{"href":"https:\/\/www.bibliotecadeseguranca.com.br\/fr\/wp-json\/wp\/v2\/posts\/19842","targetHints":{"allow":["GET"]}}],"collection":[{"href":"https:\/\/www.bibliotecadeseguranca.com.br\/fr\/wp-json\/wp\/v2\/posts"}],"about":[{"href":"https:\/\/www.bibliotecadeseguranca.com.br\/fr\/wp-json\/wp\/v2\/types\/post"}],"author":[{"embeddable":true,"href":"https:\/\/www.bibliotecadeseguranca.com.br\/fr\/wp-json\/wp\/v2\/users\/3"}],"replies":[{"embeddable":true,"href":"https:\/\/www.bibliotecadeseguranca.com.br\/fr\/wp-json\/wp\/v2\/comments?post=19842"}],"version-history":[{"count":1,"href":"https:\/\/www.bibliotecadeseguranca.com.br\/fr\/wp-json\/wp\/v2\/posts\/19842\/revisions"}],"predecessor-version":[{"id":19844,"href":"https:\/\/www.bibliotecadeseguranca.com.br\/fr\/wp-json\/wp\/v2\/posts\/19842\/revisions\/19844"}],"wp:featuredmedia":[{"embeddable":true,"href":"https:\/\/www.bibliotecadeseguranca.com.br\/fr\/wp-json\/wp\/v2\/media\/19843"}],"wp:attachment":[{"href":"https:\/\/www.bibliotecadeseguranca.com.br\/fr\/wp-json\/wp\/v2\/media?parent=19842"}],"wp:term":[{"taxonomy":"category","embeddable":true,"href":"https:\/\/www.bibliotecadeseguranca.com.br\/fr\/wp-json\/wp\/v2\/categories?post=19842"},{"taxonomy":"post_tag","embeddable":true,"href":"https:\/\/www.bibliotecadeseguranca.com.br\/fr\/wp-json\/wp\/v2\/tags?post=19842"}],"curies":[{"name":"wp","href":"https:\/\/api.w.org\/{rel}","templated":true}]}}