{"id":19809,"date":"2024-06-07T14:00:54","date_gmt":"2024-06-07T17:00:54","guid":{"rendered":"https:\/\/www.bibliotecadeseguranca.com.br\/fr\/?p=19809"},"modified":"2024-06-07T13:42:17","modified_gmt":"2024-06-07T16:42:17","slug":"externaliser-la-securite-et-la-defense-en-france","status":"publish","type":"post","link":"https:\/\/www.bibliotecadeseguranca.com.br\/fr\/livros\/externaliser-la-securite-et-la-defense-en-france\/","title":{"rendered":"Externaliser la S\u00e9curit\u00e9 et la D\u00e9fense en France"},"content":{"rendered":"<p><span style=\"color: #003366;\"><strong><img loading=\"lazy\" decoding=\"async\" class=\"alignleft size-full wp-image-19810\" src=\"https:\/\/www.bibliotecadeseguranca.com.br\/fr\/wp-content\/uploads\/2024\/06\/externaliser-la-securite-et-la-defense-en-france.jpg\" alt=\"Externaliser la S\u00e9curit\u00e9 et la D\u00e9fense en France\" width=\"145\" height=\"205\" srcset=\"https:\/\/www.bibliotecadeseguranca.com.br\/fr\/wp-content\/uploads\/2024\/06\/externaliser-la-securite-et-la-defense-en-france.jpg 145w, https:\/\/www.bibliotecadeseguranca.com.br\/fr\/wp-content\/uploads\/2024\/06\/externaliser-la-securite-et-la-defense-en-france-106x150.jpg 106w\" sizes=\"auto, (max-width: 145px) 100vw, 145px\" \/>Guillaume Farde<\/strong><\/span><\/p>\n<p><span style=\"color: #003366;\"><strong>Maison d&#8217;\u00e9dition Hermann<\/strong><\/span><\/p>\n<p><span style=\"color: #003366;\"><strong>R\u00e9sum\u00e9:<\/strong><\/span> En France, le souvenir de la bataille de Valmy, coupl\u00e9 \u00e0 l&#8217;instauration d&#8217;une conscription maintenue jusqu&#8217;en 1996, fonde l&#8217;attachement ind\u00e9fectible du citoyen au caract\u00e8re essentiellement public des forces de s\u00e9curit\u00e9 de la Nation. Il y a la l&#8217;origine d&#8217;une c\u00e9sure entre les activit\u00e9s mercantiles d&#8217;une part, et la s\u00e9curit\u00e9 publique d&#8217;autre part. Cette conception \u00e9tatiste des services publics r\u00e9galiens a conduit \u00e0 privil\u00e9gier, de fa\u00e7on syst\u00e9matique, le mode de gestion en r\u00e9gie. Depuis le d\u00e9but des ann\u00e9es 1990 cependant, ce paradigme classique o\u00f9 l&#8217;arm\u00e9e et les forces de polices \u00e9voluent de fa\u00e7on autonome pour assurer l&#8217;ensemble de leurs missions, est battu en br\u00e8che. L&#8217;externalisation au profit d&#8217;op\u00e9rateurs priv\u00e9s s&#8217;impose comme le mod\u00e8le manag\u00e9rial privil\u00e9gi\u00e9 des services publics r\u00e9galiens en France. Ce nouveau mod\u00e8le n&#8217;est pas exempt de risques que l&#8217;auteur analyse dans le pr\u00e9sent ouvrage.<\/p>\n","protected":false},"excerpt":{"rendered":"<p>Guillaume Farde Maison d&#8217;\u00e9dition Hermann R\u00e9sum\u00e9: En France, le souvenir de la bataille de Valmy, coupl\u00e9 \u00e0 l&#8217;instauration d&#8217;une conscription maintenue jusqu&#8217;en 1996, fonde l&#8217;attachement ind\u00e9fectible du citoyen au caract\u00e8re essentiellement public des forces de s\u00e9curit\u00e9 de la Nation. Il y a la l&#8217;origine d&#8217;une c\u00e9sure entre les activit\u00e9s mercantiles d&#8217;une part, et la s\u00e9curit\u00e9 publique d&#8217;autre part. Cette conception \u00e9tatiste des services publics r\u00e9galiens a conduit \u00e0 privil\u00e9gier, de&hellip; <\/p>\n","protected":false},"author":3,"featured_media":19810,"comment_status":"open","ping_status":"closed","sticky":false,"template":"","format":"standard","meta":{"footnotes":""},"categories":[109,23,6,25],"tags":[],"class_list":["post-19809","post","type-post","status-publish","format-standard","has-post-thumbnail","hentry","category-francais","category-gestao-da-seguranca-empresarial","category-livros","category-seguranca-publica-e-defesa"],"views":168,"_links":{"self":[{"href":"https:\/\/www.bibliotecadeseguranca.com.br\/fr\/wp-json\/wp\/v2\/posts\/19809","targetHints":{"allow":["GET"]}}],"collection":[{"href":"https:\/\/www.bibliotecadeseguranca.com.br\/fr\/wp-json\/wp\/v2\/posts"}],"about":[{"href":"https:\/\/www.bibliotecadeseguranca.com.br\/fr\/wp-json\/wp\/v2\/types\/post"}],"author":[{"embeddable":true,"href":"https:\/\/www.bibliotecadeseguranca.com.br\/fr\/wp-json\/wp\/v2\/users\/3"}],"replies":[{"embeddable":true,"href":"https:\/\/www.bibliotecadeseguranca.com.br\/fr\/wp-json\/wp\/v2\/comments?post=19809"}],"version-history":[{"count":1,"href":"https:\/\/www.bibliotecadeseguranca.com.br\/fr\/wp-json\/wp\/v2\/posts\/19809\/revisions"}],"predecessor-version":[{"id":19811,"href":"https:\/\/www.bibliotecadeseguranca.com.br\/fr\/wp-json\/wp\/v2\/posts\/19809\/revisions\/19811"}],"wp:featuredmedia":[{"embeddable":true,"href":"https:\/\/www.bibliotecadeseguranca.com.br\/fr\/wp-json\/wp\/v2\/media\/19810"}],"wp:attachment":[{"href":"https:\/\/www.bibliotecadeseguranca.com.br\/fr\/wp-json\/wp\/v2\/media?parent=19809"}],"wp:term":[{"taxonomy":"category","embeddable":true,"href":"https:\/\/www.bibliotecadeseguranca.com.br\/fr\/wp-json\/wp\/v2\/categories?post=19809"},{"taxonomy":"post_tag","embeddable":true,"href":"https:\/\/www.bibliotecadeseguranca.com.br\/fr\/wp-json\/wp\/v2\/tags?post=19809"}],"curies":[{"name":"wp","href":"https:\/\/api.w.org\/{rel}","templated":true}]}}