{"id":19790,"date":"2024-05-30T14:00:03","date_gmt":"2024-05-30T17:00:03","guid":{"rendered":"https:\/\/www.bibliotecadeseguranca.com.br\/fr\/?p=19790"},"modified":"2024-05-30T12:47:29","modified_gmt":"2024-05-30T15:47:29","slug":"modelo-nacional-de-policia-y-justicia-civica","status":"publish","type":"post","link":"https:\/\/www.bibliotecadeseguranca.com.br\/fr\/livros\/modelo-nacional-de-policia-y-justicia-civica\/","title":{"rendered":"Modelo Nacional de Polic\u00eda y Justicia C\u00edvica"},"content":{"rendered":"<p><span style=\"color: #003366;\"><strong><img loading=\"lazy\" decoding=\"async\" class=\"alignleft size-full wp-image-19791\" src=\"https:\/\/www.bibliotecadeseguranca.com.br\/fr\/wp-content\/uploads\/2024\/05\/modelo-nacional-de-policia-y-justicia-civica.jpg\" alt=\"Modelo Nacional de Polic\u00eda y Justicia C\u00edvica\" width=\"145\" height=\"188\" srcset=\"https:\/\/www.bibliotecadeseguranca.com.br\/fr\/wp-content\/uploads\/2024\/05\/modelo-nacional-de-policia-y-justicia-civica.jpg 145w, https:\/\/www.bibliotecadeseguranca.com.br\/fr\/wp-content\/uploads\/2024\/05\/modelo-nacional-de-policia-y-justicia-civica-116x150.jpg 116w\" sizes=\"auto, (max-width: 145px) 100vw, 145px\" \/>Secretaria de Seguridad y Protecci\u00f3n Ciudadana &#8211; Mexico<\/strong><\/span><\/p>\n<p><span style=\"color: #003366;\"><strong>R\u00e9sum\u00e9:<\/strong><\/span> Durante los \u00faltimos a\u00f1os el problema de la seguridad p\u00fablica se ha convertido en la principal preocupaci\u00f3n de los mexicanos. El incremento en la incidencia delictiva en general, la tasa de homicidios por cada cien mil habitantes y el aumento de los delitos patrimoniales, han da\u00f1ado la percepci\u00f3n que tienen los ciudadanos sobre la seguridad en sus ciudades, colonias y comunidades,da\u00f1ando a su vez la convivencia cotidiana.<br \/>\nPara hacer frente al problema, en los \u00faltimos a\u00f1os se aprobaron cambios legales con el fin de aumentar penas y crear nuevos tipos penales, se reform\u00f3 el sistema procesal penal y se legisl\u00f3 en \u00e1mbitos como el de justicia para adolescentes, sistema penitenciario, delincuencia organizada o coordinaci\u00f3n en materia de seguridad p\u00fablica. Sin embargo, a pesar de todos estos cambios, la criminalidad no ha cedido y la percepci\u00f3n de inseguridad se ha incrementado, deteriorando la calidad de vida de los mexicanos.<\/p>\n<p><a href=\"https:\/\/www.bibliotecadeseguranca.com.br\/wp-content\/uploads\/2024\/05\/modelo-nacional-de-policia-y-justicia-civica.pdf\" target=\"_blank\" rel=\"noopener\"><img loading=\"lazy\" decoding=\"async\" class=\"alignleft wp-image-12143 size-full\" src=\"https:\/\/www.bibliotecadeseguranca.com.br\/fr\/wp-content\/uploads\/2015\/03\/download_fr.gif\" alt=\"T\u00e9l\u00e9charger\" width=\"107\" height=\"25\" \/><\/a><\/p>\n","protected":false},"excerpt":{"rendered":"<p>Secretaria de Seguridad y Protecci\u00f3n Ciudadana &#8211; Mexico R\u00e9sum\u00e9: Durante los \u00faltimos a\u00f1os el problema de la seguridad p\u00fablica se ha convertido en la principal preocupaci\u00f3n de los mexicanos. El incremento en la incidencia delictiva en general, la tasa de homicidios por cada cien mil habitantes y el aumento de los delitos patrimoniales, han da\u00f1ado la percepci\u00f3n que tienen los ciudadanos sobre la seguridad en sus ciudades, colonias y comunidades,da\u00f1ando&hellip; <\/p>\n","protected":false},"author":3,"featured_media":19791,"comment_status":"open","ping_status":"closed","sticky":false,"template":"","format":"standard","meta":{"footnotes":""},"categories":[81,6,25,112],"tags":[],"class_list":["post-19790","post","type-post","status-publish","format-standard","has-post-thumbnail","hentry","category-espanol","category-livros","category-seguranca-publica-e-defesa","category-download"],"views":244,"_links":{"self":[{"href":"https:\/\/www.bibliotecadeseguranca.com.br\/fr\/wp-json\/wp\/v2\/posts\/19790","targetHints":{"allow":["GET"]}}],"collection":[{"href":"https:\/\/www.bibliotecadeseguranca.com.br\/fr\/wp-json\/wp\/v2\/posts"}],"about":[{"href":"https:\/\/www.bibliotecadeseguranca.com.br\/fr\/wp-json\/wp\/v2\/types\/post"}],"author":[{"embeddable":true,"href":"https:\/\/www.bibliotecadeseguranca.com.br\/fr\/wp-json\/wp\/v2\/users\/3"}],"replies":[{"embeddable":true,"href":"https:\/\/www.bibliotecadeseguranca.com.br\/fr\/wp-json\/wp\/v2\/comments?post=19790"}],"version-history":[{"count":1,"href":"https:\/\/www.bibliotecadeseguranca.com.br\/fr\/wp-json\/wp\/v2\/posts\/19790\/revisions"}],"predecessor-version":[{"id":19792,"href":"https:\/\/www.bibliotecadeseguranca.com.br\/fr\/wp-json\/wp\/v2\/posts\/19790\/revisions\/19792"}],"wp:featuredmedia":[{"embeddable":true,"href":"https:\/\/www.bibliotecadeseguranca.com.br\/fr\/wp-json\/wp\/v2\/media\/19791"}],"wp:attachment":[{"href":"https:\/\/www.bibliotecadeseguranca.com.br\/fr\/wp-json\/wp\/v2\/media?parent=19790"}],"wp:term":[{"taxonomy":"category","embeddable":true,"href":"https:\/\/www.bibliotecadeseguranca.com.br\/fr\/wp-json\/wp\/v2\/categories?post=19790"},{"taxonomy":"post_tag","embeddable":true,"href":"https:\/\/www.bibliotecadeseguranca.com.br\/fr\/wp-json\/wp\/v2\/tags?post=19790"}],"curies":[{"name":"wp","href":"https:\/\/api.w.org\/{rel}","templated":true}]}}