{"id":19778,"date":"2024-05-24T14:00:03","date_gmt":"2024-05-24T17:00:03","guid":{"rendered":"https:\/\/www.bibliotecadeseguranca.com.br\/fr\/?p=19778"},"modified":"2024-05-24T12:26:20","modified_gmt":"2024-05-24T15:26:20","slug":"abecedaire-de-la-securite-communale-et-intercommunale","status":"publish","type":"post","link":"https:\/\/www.bibliotecadeseguranca.com.br\/fr\/livros\/abecedaire-de-la-securite-communale-et-intercommunale\/","title":{"rendered":"Ab\u00e9c\u00e9daire de la S\u00e9curit\u00e9 Communale et Intercommunale"},"content":{"rendered":"<p><span style=\"color: #003366;\"><strong><img loading=\"lazy\" decoding=\"async\" class=\"alignleft size-full wp-image-19779\" src=\"https:\/\/www.bibliotecadeseguranca.com.br\/fr\/wp-content\/uploads\/2024\/05\/abecedaire-de-la-securite-communale-et-intercommunale.jpg\" alt=\"Ab\u00e9c\u00e9daire de la S\u00e9curit\u00e9 Communale et Intercommunale\" width=\"145\" height=\"220\" srcset=\"https:\/\/www.bibliotecadeseguranca.com.br\/fr\/wp-content\/uploads\/2024\/05\/abecedaire-de-la-securite-communale-et-intercommunale.jpg 145w, https:\/\/www.bibliotecadeseguranca.com.br\/fr\/wp-content\/uploads\/2024\/05\/abecedaire-de-la-securite-communale-et-intercommunale-99x150.jpg 99w\" sizes=\"auto, (max-width: 145px) 100vw, 145px\" \/>Jean-Christophe Quintal<\/strong><\/span><\/p>\n<p><span style=\"color: #003366;\"><strong>Maison d&#8217;\u00e9dition VA Editions<\/strong><\/span><\/p>\n<p><span style=\"color: #003366;\"><strong>R\u00e9sum\u00e9:<\/strong><\/span> La s\u00e9curit\u00e9, la pr\u00e9vention et la tranquillit\u00e9 publiques, rev\u00eatent aujourd&#8217;hui une importance capitale au plan local ou territorial, notamment dans les zones semi-rurales o\u00f9 ces notions ne sont pas, peu ou mal exploit\u00e9es par des responsables et \u00e9lus locaux, parfois d\u00e9sarm\u00e9s face aux d\u00e9sordres subis.<br \/>\nLa s\u00e9curit\u00e9 li\u00e9e \u00e0 la lutte contre les ph\u00e9nom\u00e8nes de d\u00e9linquance est un domaine relativement r\u00e9cent pour les petites et moyennes collectivit\u00e9s territoriales. Il y a un ensemble d&#8217;outils et de mesures \u00e0 mettre en \u0153uvre, \u00e0 organiser et \u00e0 conjuguer avec les acteurs locaux composant le paysage de la s\u00e9curit\u00e9 et de la tranquillit\u00e9 publiques (\u00c9tat, \u00c9ducation Nationale, Collectivit\u00e9s territoriales, urbanisme, monde associatif, etc).<br \/>\nParce qu&#8217;il s&#8217;agit de r\u00e9pondre rapidement aux premiers signes d&#8217;infraction et\/ou d&#8217;incivilit\u00e9, la collectivit\u00e9 locale (ou territoriale) doit s&#8217;employer activement dans la pr\u00e9vention de la d\u00e9linquance avec tous les acteurs institutionnels et associatifs mobilis\u00e9s sur cette th\u00e9matique.<br \/>\nCe guide pratique, \u00e0 l&#8217;usage des maires, des \u00e9lus, des responsables de la s\u00e9curit\u00e9 locale et de tous ceux impliqu\u00e9s dans la tranquillit\u00e9 publique, a donc pour unique pr\u00e9tention d&#8217;exposer une quarantaine d&#8217;outils pratiques et concrets mis \u00e0 leur disposition par le l\u00e9gislateur et de proposer les strat\u00e9gies de s\u00e9curit\u00e9 les mieux adapt\u00e9es pour r\u00e9pondre aux d\u00e9sordres survenant ou pouvant survenir sur leur territoire.<\/p>\n","protected":false},"excerpt":{"rendered":"<p>Jean-Christophe Quintal Maison d&#8217;\u00e9dition VA Editions R\u00e9sum\u00e9: La s\u00e9curit\u00e9, la pr\u00e9vention et la tranquillit\u00e9 publiques, rev\u00eatent aujourd&#8217;hui une importance capitale au plan local ou territorial, notamment dans les zones semi-rurales o\u00f9 ces notions ne sont pas, peu ou mal exploit\u00e9es par des responsables et \u00e9lus locaux, parfois d\u00e9sarm\u00e9s face aux d\u00e9sordres subis. La s\u00e9curit\u00e9 li\u00e9e \u00e0 la lutte contre les ph\u00e9nom\u00e8nes de d\u00e9linquance est un domaine relativement r\u00e9cent pour les&hellip; <\/p>\n","protected":false},"author":3,"featured_media":19779,"comment_status":"open","ping_status":"closed","sticky":false,"template":"","format":"standard","meta":{"footnotes":""},"categories":[109,6,25],"tags":[],"class_list":["post-19778","post","type-post","status-publish","format-standard","has-post-thumbnail","hentry","category-francais","category-livros","category-seguranca-publica-e-defesa"],"views":218,"_links":{"self":[{"href":"https:\/\/www.bibliotecadeseguranca.com.br\/fr\/wp-json\/wp\/v2\/posts\/19778","targetHints":{"allow":["GET"]}}],"collection":[{"href":"https:\/\/www.bibliotecadeseguranca.com.br\/fr\/wp-json\/wp\/v2\/posts"}],"about":[{"href":"https:\/\/www.bibliotecadeseguranca.com.br\/fr\/wp-json\/wp\/v2\/types\/post"}],"author":[{"embeddable":true,"href":"https:\/\/www.bibliotecadeseguranca.com.br\/fr\/wp-json\/wp\/v2\/users\/3"}],"replies":[{"embeddable":true,"href":"https:\/\/www.bibliotecadeseguranca.com.br\/fr\/wp-json\/wp\/v2\/comments?post=19778"}],"version-history":[{"count":1,"href":"https:\/\/www.bibliotecadeseguranca.com.br\/fr\/wp-json\/wp\/v2\/posts\/19778\/revisions"}],"predecessor-version":[{"id":19780,"href":"https:\/\/www.bibliotecadeseguranca.com.br\/fr\/wp-json\/wp\/v2\/posts\/19778\/revisions\/19780"}],"wp:featuredmedia":[{"embeddable":true,"href":"https:\/\/www.bibliotecadeseguranca.com.br\/fr\/wp-json\/wp\/v2\/media\/19779"}],"wp:attachment":[{"href":"https:\/\/www.bibliotecadeseguranca.com.br\/fr\/wp-json\/wp\/v2\/media?parent=19778"}],"wp:term":[{"taxonomy":"category","embeddable":true,"href":"https:\/\/www.bibliotecadeseguranca.com.br\/fr\/wp-json\/wp\/v2\/categories?post=19778"},{"taxonomy":"post_tag","embeddable":true,"href":"https:\/\/www.bibliotecadeseguranca.com.br\/fr\/wp-json\/wp\/v2\/tags?post=19778"}],"curies":[{"name":"wp","href":"https:\/\/api.w.org\/{rel}","templated":true}]}}