{"id":19768,"date":"2024-05-20T14:00:38","date_gmt":"2024-05-20T17:00:38","guid":{"rendered":"https:\/\/www.bibliotecadeseguranca.com.br\/fr\/?p=19768"},"modified":"2024-05-20T13:32:50","modified_gmt":"2024-05-20T16:32:50","slug":"gestao-do-conhecimento-e-inteligencia-competitiva","status":"publish","type":"post","link":"https:\/\/www.bibliotecadeseguranca.com.br\/fr\/livros\/gestao-do-conhecimento-e-inteligencia-competitiva\/","title":{"rendered":"Gest\u00e3o do Conhecimento e Intelig\u00eancia Competitiva"},"content":{"rendered":"<p><span style=\"color: #003366;\"><strong><img loading=\"lazy\" decoding=\"async\" class=\"alignleft size-full wp-image-19769\" src=\"https:\/\/www.bibliotecadeseguranca.com.br\/fr\/wp-content\/uploads\/2024\/05\/gestao-do-conhecimento-e-inteligencia-competitiva.jpg\" alt=\"Gest\u00e3o do Conhecimento e Intelig\u00eancia Competitiva\" width=\"145\" height=\"217\" srcset=\"https:\/\/www.bibliotecadeseguranca.com.br\/fr\/wp-content\/uploads\/2024\/05\/gestao-do-conhecimento-e-inteligencia-competitiva.jpg 145w, https:\/\/www.bibliotecadeseguranca.com.br\/fr\/wp-content\/uploads\/2024\/05\/gestao-do-conhecimento-e-inteligencia-competitiva-100x150.jpg 100w\" sizes=\"auto, (max-width: 145px) 100vw, 145px\" \/>Carlos Francisco Bitencourt Jorge<\/strong><\/span><\/p>\n<p><span style=\"color: #003366;\"><strong>Maison d&#8217;\u00e9dition Saint Paul<\/strong><\/span><\/p>\n<p><span style=\"color: #003366;\"><strong>R\u00e9sum\u00e9:<\/strong><\/span> No estudo apresentado, a t\u00e9cnica da triangula\u00e7\u00e3o de dados foi aplicada e obteve-se uma vis\u00e3o ampliada de cada organiza\u00e7\u00e3o. Visando o processo de inova\u00e7\u00e3o, foram empregados instrumentos para compreender a cultura, a comunica\u00e7\u00e3o, a hist\u00f3ria desses ambientes, assim como a percep\u00e7\u00e3o dos gestores e diretores sobre o conhecimento, a intelig\u00eancia e de como administr\u00e1-los de modo eficiente.<br \/>\nAs organiza\u00e7\u00f5es est\u00e3o inseridas em ambientes que, por natureza, t\u00eam como base o conhecimento e a intelig\u00eancia. Esses dois fatores, por meio do desenvolvimento de atividades constantes, geram outros novos, ainda que de maneira involunt\u00e1ria. Em alguns casos, se a constru\u00e7\u00e3o do conhecimento e da intelig\u00eancia for tratada como recurso, ser\u00e1 capaz de gerar inova\u00e7\u00f5es e, consequentemente, proporcionar maior competitividade \u00e0 organiza\u00e7\u00e3o.<br \/>\nEste \u00e9 o prop\u00f3sito de Gest\u00e3o do conhecimento e intelig\u00eancia competitiva: como integrar modelos e criar valor organizacional.<\/p>\n","protected":false},"excerpt":{"rendered":"<p>Carlos Francisco Bitencourt Jorge Maison d&#8217;\u00e9dition Saint Paul R\u00e9sum\u00e9: No estudo apresentado, a t\u00e9cnica da triangula\u00e7\u00e3o de dados foi aplicada e obteve-se uma vis\u00e3o ampliada de cada organiza\u00e7\u00e3o. Visando o processo de inova\u00e7\u00e3o, foram empregados instrumentos para compreender a cultura, a comunica\u00e7\u00e3o, a hist\u00f3ria desses ambientes, assim como a percep\u00e7\u00e3o dos gestores e diretores sobre o conhecimento, a intelig\u00eancia e de como administr\u00e1-los de modo eficiente. As organiza\u00e7\u00f5es est\u00e3o inseridas&hellip; <\/p>\n","protected":false},"author":3,"featured_media":19769,"comment_status":"open","ping_status":"closed","sticky":false,"template":"","format":"standard","meta":{"footnotes":""},"categories":[30,6],"tags":[],"class_list":["post-19768","post","type-post","status-publish","format-standard","has-post-thumbnail","hentry","category-espionagem-e-inteligencia-competitiva","category-livros"],"views":308,"_links":{"self":[{"href":"https:\/\/www.bibliotecadeseguranca.com.br\/fr\/wp-json\/wp\/v2\/posts\/19768","targetHints":{"allow":["GET"]}}],"collection":[{"href":"https:\/\/www.bibliotecadeseguranca.com.br\/fr\/wp-json\/wp\/v2\/posts"}],"about":[{"href":"https:\/\/www.bibliotecadeseguranca.com.br\/fr\/wp-json\/wp\/v2\/types\/post"}],"author":[{"embeddable":true,"href":"https:\/\/www.bibliotecadeseguranca.com.br\/fr\/wp-json\/wp\/v2\/users\/3"}],"replies":[{"embeddable":true,"href":"https:\/\/www.bibliotecadeseguranca.com.br\/fr\/wp-json\/wp\/v2\/comments?post=19768"}],"version-history":[{"count":1,"href":"https:\/\/www.bibliotecadeseguranca.com.br\/fr\/wp-json\/wp\/v2\/posts\/19768\/revisions"}],"predecessor-version":[{"id":19770,"href":"https:\/\/www.bibliotecadeseguranca.com.br\/fr\/wp-json\/wp\/v2\/posts\/19768\/revisions\/19770"}],"wp:featuredmedia":[{"embeddable":true,"href":"https:\/\/www.bibliotecadeseguranca.com.br\/fr\/wp-json\/wp\/v2\/media\/19769"}],"wp:attachment":[{"href":"https:\/\/www.bibliotecadeseguranca.com.br\/fr\/wp-json\/wp\/v2\/media?parent=19768"}],"wp:term":[{"taxonomy":"category","embeddable":true,"href":"https:\/\/www.bibliotecadeseguranca.com.br\/fr\/wp-json\/wp\/v2\/categories?post=19768"},{"taxonomy":"post_tag","embeddable":true,"href":"https:\/\/www.bibliotecadeseguranca.com.br\/fr\/wp-json\/wp\/v2\/tags?post=19768"}],"curies":[{"name":"wp","href":"https:\/\/api.w.org\/{rel}","templated":true}]}}