{"id":19759,"date":"2024-05-16T14:00:56","date_gmt":"2024-05-16T17:00:56","guid":{"rendered":"https:\/\/www.bibliotecadeseguranca.com.br\/fr\/?p=19759"},"modified":"2024-05-16T13:10:27","modified_gmt":"2024-05-16T16:10:27","slug":"prendre-en-charge-un-evenement","status":"publish","type":"post","link":"https:\/\/www.bibliotecadeseguranca.com.br\/fr\/livros\/prendre-en-charge-un-evenement\/","title":{"rendered":"Prendre en Charge un \u00c9v\u00e9nement"},"content":{"rendered":"<p><span style=\"color: #003366;\"><strong><img loading=\"lazy\" decoding=\"async\" class=\"alignleft size-full wp-image-19760\" src=\"https:\/\/www.bibliotecadeseguranca.com.br\/fr\/wp-content\/uploads\/2024\/05\/prendre-en-charge-un-evenement.jpg\" alt=\"Prendre en Charge un \u00c9v\u00e9nement\" width=\"145\" height=\"187\" srcset=\"https:\/\/www.bibliotecadeseguranca.com.br\/fr\/wp-content\/uploads\/2024\/05\/prendre-en-charge-un-evenement.jpg 145w, https:\/\/www.bibliotecadeseguranca.com.br\/fr\/wp-content\/uploads\/2024\/05\/prendre-en-charge-un-evenement-116x150.jpg 116w\" sizes=\"auto, (max-width: 145px) 100vw, 145px\" \/>\u00c9cole Nationale de Oolice du Qu\u00e9bec<\/strong><\/span><\/p>\n<p><span style=\"color: #003366;\"><strong>R\u00e9sum\u00e9:<\/strong><\/span> Le cours Prendre en charge un \u00e9v\u00e9nement s\u2019adresse aux aspirants policiers inscrits au programme de formation initiale en patrouille-gendarmerie. Il vise essentiellement le d\u00e9veloppement de la comp\u00e9tence \u00e0 prendre en charge un \u00e9v\u00e9nement.<br \/>\nPlus pr\u00e9cis\u00e9ment, l\u2019aspirant policier sera en mesure d\u2019amorcer une intervention, d\u2019intervenir sur les lieux en tenant compte de ses pouvoirs et devoirs, des r\u00e9alit\u00e9s sociales et des besoins des personnes, d\u2019effectuer l\u2019enqu\u00eate polici\u00e8re, de consigner la preuve et de t\u00e9moigner \u00e0 la cour. Il devra \u00e9galement appr\u00e9cier sa propre performance.<br \/>\nCe cours vise \u00e0 pr\u00e9parer les aspirants policiers \u00e0 faire face aux d\u00e9fis que repr\u00e9sente l\u2019exercice de la pratique polici\u00e8re dans son contexte contemporain. Il contribue \u00e0 situer le r\u00f4le du policier patrouilleur au regard de la responsabilit\u00e9 d\u00e9volue aux organisations polici\u00e8res*, soit : pr\u00e9venir la criminalit\u00e9 et la victimisation, voir \u00e0 la s\u00e9curit\u00e9 collective et contribuer au d\u00e9veloppement durable des communaut\u00e9s.<\/p>\n<p><a href=\"https:\/\/www.bibliotecadeseguranca.com.br\/wp-content\/uploads\/2024\/05\/prendre-en-charge-un-evenement.pdf\" target=\"_blank\" rel=\"noopener\"><img loading=\"lazy\" decoding=\"async\" class=\"alignleft wp-image-12143 size-full\" src=\"https:\/\/www.bibliotecadeseguranca.com.br\/fr\/wp-content\/uploads\/2015\/03\/download_fr.gif\" alt=\"T\u00e9l\u00e9charger\" width=\"107\" height=\"25\" \/><\/a><\/p>\n","protected":false},"excerpt":{"rendered":"<p>\u00c9cole Nationale de Oolice du Qu\u00e9bec R\u00e9sum\u00e9: Le cours Prendre en charge un \u00e9v\u00e9nement s\u2019adresse aux aspirants policiers inscrits au programme de formation initiale en patrouille-gendarmerie. Il vise essentiellement le d\u00e9veloppement de la comp\u00e9tence \u00e0 prendre en charge un \u00e9v\u00e9nement. Plus pr\u00e9cis\u00e9ment, l\u2019aspirant policier sera en mesure d\u2019amorcer une intervention, d\u2019intervenir sur les lieux en tenant compte de ses pouvoirs et devoirs, des r\u00e9alit\u00e9s sociales et des besoins des personnes,&hellip; <\/p>\n","protected":false},"author":3,"featured_media":19760,"comment_status":"open","ping_status":"closed","sticky":false,"template":"","format":"standard","meta":{"footnotes":""},"categories":[109,6,25,112],"tags":[],"class_list":["post-19759","post","type-post","status-publish","format-standard","has-post-thumbnail","hentry","category-francais","category-livros","category-seguranca-publica-e-defesa","category-download"],"views":206,"_links":{"self":[{"href":"https:\/\/www.bibliotecadeseguranca.com.br\/fr\/wp-json\/wp\/v2\/posts\/19759","targetHints":{"allow":["GET"]}}],"collection":[{"href":"https:\/\/www.bibliotecadeseguranca.com.br\/fr\/wp-json\/wp\/v2\/posts"}],"about":[{"href":"https:\/\/www.bibliotecadeseguranca.com.br\/fr\/wp-json\/wp\/v2\/types\/post"}],"author":[{"embeddable":true,"href":"https:\/\/www.bibliotecadeseguranca.com.br\/fr\/wp-json\/wp\/v2\/users\/3"}],"replies":[{"embeddable":true,"href":"https:\/\/www.bibliotecadeseguranca.com.br\/fr\/wp-json\/wp\/v2\/comments?post=19759"}],"version-history":[{"count":1,"href":"https:\/\/www.bibliotecadeseguranca.com.br\/fr\/wp-json\/wp\/v2\/posts\/19759\/revisions"}],"predecessor-version":[{"id":19761,"href":"https:\/\/www.bibliotecadeseguranca.com.br\/fr\/wp-json\/wp\/v2\/posts\/19759\/revisions\/19761"}],"wp:featuredmedia":[{"embeddable":true,"href":"https:\/\/www.bibliotecadeseguranca.com.br\/fr\/wp-json\/wp\/v2\/media\/19760"}],"wp:attachment":[{"href":"https:\/\/www.bibliotecadeseguranca.com.br\/fr\/wp-json\/wp\/v2\/media?parent=19759"}],"wp:term":[{"taxonomy":"category","embeddable":true,"href":"https:\/\/www.bibliotecadeseguranca.com.br\/fr\/wp-json\/wp\/v2\/categories?post=19759"},{"taxonomy":"post_tag","embeddable":true,"href":"https:\/\/www.bibliotecadeseguranca.com.br\/fr\/wp-json\/wp\/v2\/tags?post=19759"}],"curies":[{"name":"wp","href":"https:\/\/api.w.org\/{rel}","templated":true}]}}