{"id":19752,"date":"2024-05-13T14:00:42","date_gmt":"2024-05-13T17:00:42","guid":{"rendered":"https:\/\/www.bibliotecadeseguranca.com.br\/fr\/?p=19752"},"modified":"2024-05-13T12:44:48","modified_gmt":"2024-05-13T15:44:48","slug":"revista-prelecao-ano-i-n-07","status":"publish","type":"post","link":"https:\/\/www.bibliotecadeseguranca.com.br\/fr\/periodicos-de-seguranca\/revista-prelecao-ano-i-n-07\/","title":{"rendered":"Revista Prele\u00e7\u00e3o \u2013 Ano I \u2013 N\u00b0 07"},"content":{"rendered":"<p><span style=\"color: #003366;\"><strong><img loading=\"lazy\" decoding=\"async\" class=\"alignleft size-full wp-image-19753\" src=\"https:\/\/www.bibliotecadeseguranca.com.br\/fr\/wp-content\/uploads\/2024\/05\/revista-prelecao-ano-i-n-07.jpg\" alt=\"Revista Prele\u00e7\u00e3o \u2013 Ano I \u2013 N\u00b0 07\" width=\"145\" height=\"198\" srcset=\"https:\/\/www.bibliotecadeseguranca.com.br\/fr\/wp-content\/uploads\/2024\/05\/revista-prelecao-ano-i-n-07.jpg 145w, https:\/\/www.bibliotecadeseguranca.com.br\/fr\/wp-content\/uploads\/2024\/05\/revista-prelecao-ano-i-n-07-110x150.jpg 110w\" sizes=\"auto, (max-width: 145px) 100vw, 145px\" \/>Pol\u00edcia Militar do Estado do Esp\u00edrito Santo<\/strong><\/span><\/p>\n<p><span style=\"color: #003366;\"><strong>R\u00e9sum\u00e9:<\/strong><\/span> A Revista Prele\u00e7\u00e3o inicia seu 4\u00ba ano de exist\u00eancia em 2010. Ao longo deste per\u00edodo foram publicadas 06 edi\u00e7\u00f5es da revista, com periodicidade semestral e ora apresentamos nossa 7\u00aa edi\u00e7\u00e3o, publicada para comemorar os 175 anos da Pol\u00edcia Militar do Esp\u00edrito Santo.<br \/>\nMuitas s\u00e3o as men\u00e7\u00f5es elogiosas direcionadas \u00e0 equipe de colaboradores que se empenham para produzir este primoroso trabalho, bem como o alto n\u00edvel dos artigos publicados, que servem como fonte de consulta e dissemina\u00e7\u00e3o do conhecimento policial. Esta \u00e9 a proposta da Revista Prele\u00e7\u00e3o, disseminar o conhecimento cient\u00edfico da \u00e1rea de seguran\u00e7a p\u00fablica, ainda carente de pesquisa e divulga\u00e7\u00e3o de trabalhos.<br \/>\nComo \u00e9 de praxe, nesta edi\u00e7\u00e3o \u00e9 apresentado o artigo hist\u00f3rico do Coronel Gelson Loiola, que trata da trajet\u00f3ria do Canil da Pol\u00edcia Militar do Esp\u00edrito Santo e toda a sua evolu\u00e7\u00e3o hist\u00f3rica desde a d\u00e9cada de 70 at\u00e9 os dias atuais, prestando uma homenagem a todos os policiais militares e seus dedicados c\u00e3es que executam a atividade operacional da Corpora\u00e7\u00e3o.<\/p>\n<p><a href=\"https:\/\/www.bibliotecadeseguranca.com.br\/wp-content\/uploads\/2024\/05\/revista-prelecao-ano-i-n-07.pdf\" target=\"_blank\" rel=\"noopener\"><img loading=\"lazy\" decoding=\"async\" class=\"alignleft wp-image-12143 size-full\" src=\"https:\/\/www.bibliotecadeseguranca.com.br\/fr\/wp-content\/uploads\/2015\/03\/download_fr.gif\" alt=\"T\u00e9l\u00e9charger\" width=\"107\" height=\"25\" \/><\/a><\/p>\n","protected":false},"excerpt":{"rendered":"<p>Pol\u00edcia Militar do Estado do Esp\u00edrito Santo R\u00e9sum\u00e9: A Revista Prele\u00e7\u00e3o inicia seu 4\u00ba ano de exist\u00eancia em 2010. Ao longo deste per\u00edodo foram publicadas 06 edi\u00e7\u00f5es da revista, com periodicidade semestral e ora apresentamos nossa 7\u00aa edi\u00e7\u00e3o, publicada para comemorar os 175 anos da Pol\u00edcia Militar do Esp\u00edrito Santo. Muitas s\u00e3o as men\u00e7\u00f5es elogiosas direcionadas \u00e0 equipe de colaboradores que se empenham para produzir este primoroso trabalho, bem como&hellip; <\/p>\n","protected":false},"author":3,"featured_media":19753,"comment_status":"open","ping_status":"closed","sticky":false,"template":"","format":"standard","meta":{"footnotes":""},"categories":[129,71,112],"tags":[],"class_list":["post-19752","post","type-post","status-publish","format-standard","has-post-thumbnail","hentry","category-revista-prelecao","category-periodicos-de-seguranca","category-download"],"views":121,"_links":{"self":[{"href":"https:\/\/www.bibliotecadeseguranca.com.br\/fr\/wp-json\/wp\/v2\/posts\/19752","targetHints":{"allow":["GET"]}}],"collection":[{"href":"https:\/\/www.bibliotecadeseguranca.com.br\/fr\/wp-json\/wp\/v2\/posts"}],"about":[{"href":"https:\/\/www.bibliotecadeseguranca.com.br\/fr\/wp-json\/wp\/v2\/types\/post"}],"author":[{"embeddable":true,"href":"https:\/\/www.bibliotecadeseguranca.com.br\/fr\/wp-json\/wp\/v2\/users\/3"}],"replies":[{"embeddable":true,"href":"https:\/\/www.bibliotecadeseguranca.com.br\/fr\/wp-json\/wp\/v2\/comments?post=19752"}],"version-history":[{"count":1,"href":"https:\/\/www.bibliotecadeseguranca.com.br\/fr\/wp-json\/wp\/v2\/posts\/19752\/revisions"}],"predecessor-version":[{"id":19754,"href":"https:\/\/www.bibliotecadeseguranca.com.br\/fr\/wp-json\/wp\/v2\/posts\/19752\/revisions\/19754"}],"wp:featuredmedia":[{"embeddable":true,"href":"https:\/\/www.bibliotecadeseguranca.com.br\/fr\/wp-json\/wp\/v2\/media\/19753"}],"wp:attachment":[{"href":"https:\/\/www.bibliotecadeseguranca.com.br\/fr\/wp-json\/wp\/v2\/media?parent=19752"}],"wp:term":[{"taxonomy":"category","embeddable":true,"href":"https:\/\/www.bibliotecadeseguranca.com.br\/fr\/wp-json\/wp\/v2\/categories?post=19752"},{"taxonomy":"post_tag","embeddable":true,"href":"https:\/\/www.bibliotecadeseguranca.com.br\/fr\/wp-json\/wp\/v2\/tags?post=19752"}],"curies":[{"name":"wp","href":"https:\/\/api.w.org\/{rel}","templated":true}]}}