{"id":19746,"date":"2024-05-10T14:00:23","date_gmt":"2024-05-10T17:00:23","guid":{"rendered":"https:\/\/www.bibliotecadeseguranca.com.br\/fr\/?p=19746"},"modified":"2024-05-10T13:43:14","modified_gmt":"2024-05-10T16:43:14","slug":"ladministration-de-la-securite-publique","status":"publish","type":"post","link":"https:\/\/www.bibliotecadeseguranca.com.br\/fr\/livros\/ladministration-de-la-securite-publique\/","title":{"rendered":"L&#8217;Administration de la S\u00e9curit\u00e9 Publique"},"content":{"rendered":"<p><span style=\"color: #003366;\"><strong><img loading=\"lazy\" decoding=\"async\" class=\"alignleft size-full wp-image-19747\" src=\"https:\/\/www.bibliotecadeseguranca.com.br\/fr\/wp-content\/uploads\/2024\/05\/ladministration-de-la-securite-publique.jpg\" alt=\"L'Administration de la S\u00e9curit\u00e9 Publique\" width=\"145\" height=\"213\" srcset=\"https:\/\/www.bibliotecadeseguranca.com.br\/fr\/wp-content\/uploads\/2024\/05\/ladministration-de-la-securite-publique.jpg 145w, https:\/\/www.bibliotecadeseguranca.com.br\/fr\/wp-content\/uploads\/2024\/05\/ladministration-de-la-securite-publique-102x150.jpg 102w\" sizes=\"auto, (max-width: 145px) 100vw, 145px\" \/>Gilberto Berm\u00fadez Ru\u00edz, Cruz Garc\u00eda Lirios<\/strong><\/span><\/p>\n<p><span style=\"color: #003366;\"><strong>Maison d&#8217;\u00e9dition Notre Savoir<\/strong><\/span><\/p>\n<p><span style=\"color: #003366;\"><strong>R\u00e9sum\u00e9:<\/strong><\/span> L&#8217;\u00c9tat, les m\u00e9dias et les citoyens forment un trident qui, lorsqu&#8217;ils sont li\u00e9s dans un contexte \u00e9lectoral, construisent un agenda public. Dans le cas de l&#8217;ins\u00e9curit\u00e9, la th\u00e9orie de la d\u00e9finition de l&#8217;agenda (TEA) a expliqu\u00e9 l&#8217;influence des questions diffus\u00e9es par les m\u00e9dias sur les politiques publiques par le biais de l&#8217;opinion publique. En ce sens, l&#8217;objectif de ce document \u00e9tait de construire un indice de la mani\u00e8re dont la presse \u00e9crite encadre la violence \u00e0 l&#8217;encontre des migrants. Pour ce faire, un \u00e9chantillon d&#8217;articles de presse, d&#8217;\u00e9ditoriaux et d&#8217;articles d&#8217;opinion a \u00e9t\u00e9 s\u00e9lectionn\u00e9. Une analyse de contenu a ensuite \u00e9t\u00e9 r\u00e9alis\u00e9e. Les r\u00e9sultats montrent que la couverture de l&#8217;ins\u00e9curit\u00e9 des migrants au cours de la p\u00e9riode allant de septembre 2011 \u00e0 avril 2019 est faible. Les r\u00e9sultats ont \u00e9t\u00e9 discut\u00e9s en r\u00e9f\u00e9rence au REL.<\/p>\n","protected":false},"excerpt":{"rendered":"<p>Gilberto Berm\u00fadez Ru\u00edz, Cruz Garc\u00eda Lirios Maison d&#8217;\u00e9dition Notre Savoir R\u00e9sum\u00e9: L&#8217;\u00c9tat, les m\u00e9dias et les citoyens forment un trident qui, lorsqu&#8217;ils sont li\u00e9s dans un contexte \u00e9lectoral, construisent un agenda public. Dans le cas de l&#8217;ins\u00e9curit\u00e9, la th\u00e9orie de la d\u00e9finition de l&#8217;agenda (TEA) a expliqu\u00e9 l&#8217;influence des questions diffus\u00e9es par les m\u00e9dias sur les politiques publiques par le biais de l&#8217;opinion publique. En ce sens, l&#8217;objectif de ce&hellip; <\/p>\n","protected":false},"author":3,"featured_media":19747,"comment_status":"open","ping_status":"closed","sticky":false,"template":"","format":"standard","meta":{"footnotes":""},"categories":[109,6,25],"tags":[],"class_list":["post-19746","post","type-post","status-publish","format-standard","has-post-thumbnail","hentry","category-francais","category-livros","category-seguranca-publica-e-defesa"],"views":277,"_links":{"self":[{"href":"https:\/\/www.bibliotecadeseguranca.com.br\/fr\/wp-json\/wp\/v2\/posts\/19746","targetHints":{"allow":["GET"]}}],"collection":[{"href":"https:\/\/www.bibliotecadeseguranca.com.br\/fr\/wp-json\/wp\/v2\/posts"}],"about":[{"href":"https:\/\/www.bibliotecadeseguranca.com.br\/fr\/wp-json\/wp\/v2\/types\/post"}],"author":[{"embeddable":true,"href":"https:\/\/www.bibliotecadeseguranca.com.br\/fr\/wp-json\/wp\/v2\/users\/3"}],"replies":[{"embeddable":true,"href":"https:\/\/www.bibliotecadeseguranca.com.br\/fr\/wp-json\/wp\/v2\/comments?post=19746"}],"version-history":[{"count":1,"href":"https:\/\/www.bibliotecadeseguranca.com.br\/fr\/wp-json\/wp\/v2\/posts\/19746\/revisions"}],"predecessor-version":[{"id":19748,"href":"https:\/\/www.bibliotecadeseguranca.com.br\/fr\/wp-json\/wp\/v2\/posts\/19746\/revisions\/19748"}],"wp:featuredmedia":[{"embeddable":true,"href":"https:\/\/www.bibliotecadeseguranca.com.br\/fr\/wp-json\/wp\/v2\/media\/19747"}],"wp:attachment":[{"href":"https:\/\/www.bibliotecadeseguranca.com.br\/fr\/wp-json\/wp\/v2\/media?parent=19746"}],"wp:term":[{"taxonomy":"category","embeddable":true,"href":"https:\/\/www.bibliotecadeseguranca.com.br\/fr\/wp-json\/wp\/v2\/categories?post=19746"},{"taxonomy":"post_tag","embeddable":true,"href":"https:\/\/www.bibliotecadeseguranca.com.br\/fr\/wp-json\/wp\/v2\/tags?post=19746"}],"curies":[{"name":"wp","href":"https:\/\/api.w.org\/{rel}","templated":true}]}}