{"id":19736,"date":"2024-05-06T14:00:09","date_gmt":"2024-05-06T17:00:09","guid":{"rendered":"https:\/\/www.bibliotecadeseguranca.com.br\/fr\/?p=19736"},"modified":"2024-05-06T12:47:40","modified_gmt":"2024-05-06T15:47:40","slug":"seguranca-publica-e-fronteiras","status":"publish","type":"post","link":"https:\/\/www.bibliotecadeseguranca.com.br\/fr\/livros\/seguranca-publica-e-fronteiras\/","title":{"rendered":"Seguran\u00e7a P\u00fablica e Fronteiras"},"content":{"rendered":"<p><span style=\"color: #003366;\"><strong><img loading=\"lazy\" decoding=\"async\" class=\"alignleft size-full wp-image-19737\" src=\"https:\/\/www.bibliotecadeseguranca.com.br\/fr\/wp-content\/uploads\/2024\/05\/seguranca-publica-e-fronteiras.jpg\" alt=\"Seguran\u00e7a P\u00fablica e Fronteiras\" width=\"145\" height=\"191\" srcset=\"https:\/\/www.bibliotecadeseguranca.com.br\/fr\/wp-content\/uploads\/2024\/05\/seguranca-publica-e-fronteiras.jpg 145w, https:\/\/www.bibliotecadeseguranca.com.br\/fr\/wp-content\/uploads\/2024\/05\/seguranca-publica-e-fronteiras-114x150.jpg 114w\" sizes=\"auto, (max-width: 145px) 100vw, 145px\" \/>Rog\u00e9rio Turella, Wander Matos de Aguiar<\/strong><\/span><\/p>\n<p><span style=\"color: #003366;\"><strong>Maison d&#8217;\u00e9dition Thoth<\/strong><\/span><\/p>\n<p><span style=\"color: #003366;\"><strong>R\u00e9sum\u00e9:<\/strong><\/span> Esta obra \u00e9 o resultado dos artigos elaborados pelos discentes e docentes do Curso de Especializa\u00e7\u00e3o em Seguran\u00e7a P\u00fablica e Fronteiras, realizado pela parceria institucional da Universidade Estadual de Mato Grosso do Sul (UEMS) e os Profissionais da \u00c1rea de Seguran\u00e7a P\u00fablica, ambos vinculados ao Conselho Institucional de Seguran\u00e7a de Dourados (COISED).<br \/>\nOs cap\u00edtulos contemplam a realidade pr\u00e1tica\/te\u00f3rica, em conson\u00e2ncia com os conhecimentos t\u00e9cnico-cient\u00edficos, estrat\u00e9gicos e de planejamento dos Profissionais da \u00c1rea de Seguran\u00e7a P\u00fablica que atuam efetivamente na regi\u00e3o de fronteira do estado de Mato Grosso do Sul. Neste sentido, este livro brinda os leitores com novas discuss\u00f5es e reflex\u00f5es sobre a busca constante de forma\u00e7\u00e3o, capacita\u00e7\u00e3o e integra\u00e7\u00e3o dos profissionais da Seguran\u00e7a P\u00fablica; a promo\u00e7\u00e3o e articula\u00e7\u00e3o do conhecimento pr\u00e1tico com a reflex\u00e3o te\u00f3rica; e, no escopo de fomentar o conhecimento cient\u00edfico, busca incentivar a produ\u00e7\u00e3o intelectual de modo a contribuir para o processo de consolida\u00e7\u00e3o das quest\u00f5es relacionadas \u00e0 Seguran\u00e7a P\u00fablica, para a promo\u00e7\u00e3o da seguran\u00e7a, justi\u00e7a e da paz social na regi\u00e3o de fronteira do estado de Mato Grosso do Sul.<\/p>\n","protected":false},"excerpt":{"rendered":"<p>Rog\u00e9rio Turella, Wander Matos de Aguiar Maison d&#8217;\u00e9dition Thoth R\u00e9sum\u00e9: Esta obra \u00e9 o resultado dos artigos elaborados pelos discentes e docentes do Curso de Especializa\u00e7\u00e3o em Seguran\u00e7a P\u00fablica e Fronteiras, realizado pela parceria institucional da Universidade Estadual de Mato Grosso do Sul (UEMS) e os Profissionais da \u00c1rea de Seguran\u00e7a P\u00fablica, ambos vinculados ao Conselho Institucional de Seguran\u00e7a de Dourados (COISED). Os cap\u00edtulos contemplam a realidade pr\u00e1tica\/te\u00f3rica, em conson\u00e2ncia&hellip; <\/p>\n","protected":false},"author":3,"featured_media":19737,"comment_status":"open","ping_status":"closed","sticky":false,"template":"","format":"standard","meta":{"footnotes":""},"categories":[6,25],"tags":[],"class_list":["post-19736","post","type-post","status-publish","format-standard","has-post-thumbnail","hentry","category-livros","category-seguranca-publica-e-defesa"],"views":124,"_links":{"self":[{"href":"https:\/\/www.bibliotecadeseguranca.com.br\/fr\/wp-json\/wp\/v2\/posts\/19736","targetHints":{"allow":["GET"]}}],"collection":[{"href":"https:\/\/www.bibliotecadeseguranca.com.br\/fr\/wp-json\/wp\/v2\/posts"}],"about":[{"href":"https:\/\/www.bibliotecadeseguranca.com.br\/fr\/wp-json\/wp\/v2\/types\/post"}],"author":[{"embeddable":true,"href":"https:\/\/www.bibliotecadeseguranca.com.br\/fr\/wp-json\/wp\/v2\/users\/3"}],"replies":[{"embeddable":true,"href":"https:\/\/www.bibliotecadeseguranca.com.br\/fr\/wp-json\/wp\/v2\/comments?post=19736"}],"version-history":[{"count":1,"href":"https:\/\/www.bibliotecadeseguranca.com.br\/fr\/wp-json\/wp\/v2\/posts\/19736\/revisions"}],"predecessor-version":[{"id":19738,"href":"https:\/\/www.bibliotecadeseguranca.com.br\/fr\/wp-json\/wp\/v2\/posts\/19736\/revisions\/19738"}],"wp:featuredmedia":[{"embeddable":true,"href":"https:\/\/www.bibliotecadeseguranca.com.br\/fr\/wp-json\/wp\/v2\/media\/19737"}],"wp:attachment":[{"href":"https:\/\/www.bibliotecadeseguranca.com.br\/fr\/wp-json\/wp\/v2\/media?parent=19736"}],"wp:term":[{"taxonomy":"category","embeddable":true,"href":"https:\/\/www.bibliotecadeseguranca.com.br\/fr\/wp-json\/wp\/v2\/categories?post=19736"},{"taxonomy":"post_tag","embeddable":true,"href":"https:\/\/www.bibliotecadeseguranca.com.br\/fr\/wp-json\/wp\/v2\/tags?post=19736"}],"curies":[{"name":"wp","href":"https:\/\/api.w.org\/{rel}","templated":true}]}}