{"id":19714,"date":"2024-04-26T14:00:34","date_gmt":"2024-04-26T17:00:34","guid":{"rendered":"https:\/\/www.bibliotecadeseguranca.com.br\/fr\/?p=19714"},"modified":"2024-04-26T13:28:10","modified_gmt":"2024-04-26T16:28:10","slug":"la-securite-des-francais","status":"publish","type":"post","link":"https:\/\/www.bibliotecadeseguranca.com.br\/fr\/livros\/la-securite-des-francais\/","title":{"rendered":"La S\u00e9curit\u00e9 des Fran\u00e7ais"},"content":{"rendered":"<p><span style=\"color: #003366;\"><strong><img loading=\"lazy\" decoding=\"async\" class=\"alignleft size-full wp-image-19715\" src=\"https:\/\/www.bibliotecadeseguranca.com.br\/fr\/wp-content\/uploads\/2024\/04\/la-securite-des-francais.jpg\" alt=\"La S\u00e9curit\u00e9 des Fran\u00e7ais\" width=\"145\" height=\"233\" srcset=\"https:\/\/www.bibliotecadeseguranca.com.br\/fr\/wp-content\/uploads\/2024\/04\/la-securite-des-francais.jpg 145w, https:\/\/www.bibliotecadeseguranca.com.br\/fr\/wp-content\/uploads\/2024\/04\/la-securite-des-francais-93x150.jpg 93w\" sizes=\"auto, (max-width: 145px) 100vw, 145px\" \/>Jean-Michel Fauvergue<\/strong><\/span><\/p>\n<p><span style=\"color: #003366;\"><strong>Maison d&#8217;\u00e9dition Michel Lafon<\/strong><\/span><\/p>\n<p><span style=\"color: #003366;\"><strong>R\u00e9sum\u00e9:<\/strong><\/span> J&#8217;ai consacr\u00e9 ma vie \u00e0 la s\u00e9curit\u00e9 des Fran\u00e7ais. Pendant quarante ans, j&#8217;ai servi en tant que policier. J&#8217;ai command\u00e9 des unit\u00e9s prestigieuses, compos\u00e9es d&#8217;hommes et de femmes admirables, en s\u00e9curit\u00e9 publique, en police judiciaire, aux stups, \u00e0 la police aux fronti\u00e8res, en coop\u00e9ration internationale, en unit\u00e9 d&#8217;intervention. J&#8217;ai achev\u00e9 mon parcours dans l&#8217;horreur des attentats de 2015 et 2016 \u00e0 la t\u00eate du RAID, mais j&#8217;ai sauv\u00e9 des vies et c&#8217;est ma fiert\u00e9. Au fil des ans, j&#8217;ai vu la situation des forces de s\u00e9curit\u00e9 se d\u00e9grader, leur efficacit\u00e9 baisser, leur pr\u00e9sence sur la voie publique diminuer. Aujourd&#8217;hui, beaucoup de Fran\u00e7ais ont peur. Il est temps de r\u00e9agir. Il faut restructurer nos forces de police et gendarmerie, red\u00e9finir nos politiques de s\u00e9curit\u00e9, renforcer l&#8217;implantation de la police de s\u00e9curit\u00e9 du quotidien, grand d\u00e9fi de la prochaine d\u00e9cennie. Les Fran\u00e7ais m\u00e9ritent que l&#8217;on monte au front pour eux et pour leur s\u00e9curit\u00e9.<\/p>\n","protected":false},"excerpt":{"rendered":"<p>Jean-Michel Fauvergue Maison d&#8217;\u00e9dition Michel Lafon R\u00e9sum\u00e9: J&#8217;ai consacr\u00e9 ma vie \u00e0 la s\u00e9curit\u00e9 des Fran\u00e7ais. Pendant quarante ans, j&#8217;ai servi en tant que policier. J&#8217;ai command\u00e9 des unit\u00e9s prestigieuses, compos\u00e9es d&#8217;hommes et de femmes admirables, en s\u00e9curit\u00e9 publique, en police judiciaire, aux stups, \u00e0 la police aux fronti\u00e8res, en coop\u00e9ration internationale, en unit\u00e9 d&#8217;intervention. J&#8217;ai achev\u00e9 mon parcours dans l&#8217;horreur des attentats de 2015 et 2016 \u00e0 la t\u00eate&hellip; <\/p>\n","protected":false},"author":3,"featured_media":19715,"comment_status":"open","ping_status":"closed","sticky":false,"template":"","format":"standard","meta":{"footnotes":""},"categories":[109,6,25],"tags":[],"class_list":["post-19714","post","type-post","status-publish","format-standard","has-post-thumbnail","hentry","category-francais","category-livros","category-seguranca-publica-e-defesa"],"views":200,"_links":{"self":[{"href":"https:\/\/www.bibliotecadeseguranca.com.br\/fr\/wp-json\/wp\/v2\/posts\/19714","targetHints":{"allow":["GET"]}}],"collection":[{"href":"https:\/\/www.bibliotecadeseguranca.com.br\/fr\/wp-json\/wp\/v2\/posts"}],"about":[{"href":"https:\/\/www.bibliotecadeseguranca.com.br\/fr\/wp-json\/wp\/v2\/types\/post"}],"author":[{"embeddable":true,"href":"https:\/\/www.bibliotecadeseguranca.com.br\/fr\/wp-json\/wp\/v2\/users\/3"}],"replies":[{"embeddable":true,"href":"https:\/\/www.bibliotecadeseguranca.com.br\/fr\/wp-json\/wp\/v2\/comments?post=19714"}],"version-history":[{"count":1,"href":"https:\/\/www.bibliotecadeseguranca.com.br\/fr\/wp-json\/wp\/v2\/posts\/19714\/revisions"}],"predecessor-version":[{"id":19716,"href":"https:\/\/www.bibliotecadeseguranca.com.br\/fr\/wp-json\/wp\/v2\/posts\/19714\/revisions\/19716"}],"wp:featuredmedia":[{"embeddable":true,"href":"https:\/\/www.bibliotecadeseguranca.com.br\/fr\/wp-json\/wp\/v2\/media\/19715"}],"wp:attachment":[{"href":"https:\/\/www.bibliotecadeseguranca.com.br\/fr\/wp-json\/wp\/v2\/media?parent=19714"}],"wp:term":[{"taxonomy":"category","embeddable":true,"href":"https:\/\/www.bibliotecadeseguranca.com.br\/fr\/wp-json\/wp\/v2\/categories?post=19714"},{"taxonomy":"post_tag","embeddable":true,"href":"https:\/\/www.bibliotecadeseguranca.com.br\/fr\/wp-json\/wp\/v2\/tags?post=19714"}],"curies":[{"name":"wp","href":"https:\/\/api.w.org\/{rel}","templated":true}]}}