{"id":19711,"date":"2024-04-25T14:00:22","date_gmt":"2024-04-25T17:00:22","guid":{"rendered":"https:\/\/www.bibliotecadeseguranca.com.br\/fr\/?p=19711"},"modified":"2024-04-25T12:53:31","modified_gmt":"2024-04-25T15:53:31","slug":"seguridad-privada-y-derechos-fundamentales","status":"publish","type":"post","link":"https:\/\/www.bibliotecadeseguranca.com.br\/fr\/livros\/seguridad-privada-y-derechos-fundamentales\/","title":{"rendered":"Seguridad Privada y Derechos Fundamentales"},"content":{"rendered":"<p><span style=\"color: #003366;\"><strong><img loading=\"lazy\" decoding=\"async\" class=\"alignleft size-full wp-image-19712\" src=\"https:\/\/www.bibliotecadeseguranca.com.br\/fr\/wp-content\/uploads\/2024\/04\/seguridad-privada-y-derechos-fundamentales.jpg\" alt=\"Seguridad Privada y Derechos Fundamentales\" width=\"145\" height=\"205\" srcset=\"https:\/\/www.bibliotecadeseguranca.com.br\/fr\/wp-content\/uploads\/2024\/04\/seguridad-privada-y-derechos-fundamentales.jpg 145w, https:\/\/www.bibliotecadeseguranca.com.br\/fr\/wp-content\/uploads\/2024\/04\/seguridad-privada-y-derechos-fundamentales-106x150.jpg 106w\" sizes=\"auto, (max-width: 145px) 100vw, 145px\" \/>M\u00aa Josefa Ridaura Mart\u00ednez<\/strong><\/span><\/p>\n<p><span style=\"color: #003366;\"><strong>Maison d&#8217;\u00e9dition Tirant<\/strong><\/span><\/p>\n<p><span style=\"color: #003366;\"><strong>R\u00e9sum\u00e9:<\/strong><\/span> La presente obra aborda el estudio de la reciente Ley de Seguridad Privada 5\/2014, de 4 de abril, desde los valores y principios que presiden el Derecho Constitucional; acometiendo uno de sus temas nodales como es el referido al binomio libertad- seguridad; afectado por la creciente implicaci\u00f3n de los agentes privados en el desarrollo de la funci\u00f3n de seguridad, como consecuencia de los actuales retos en materia de seguridad ciudadana que tiene planteados la sociedad. El lector encontrar\u00e1 en las siguientes p\u00e1ginas un an\u00e1lisis de la nueva ordenaci\u00f3n de la seguridad privada en Espa\u00f1a, que introduce novedades de gran trascendencia en el modelo de seguridad constitucionalmente previsto; as\u00ed como el estudio acerca de su incidencia sobre los derechos fundamentales y las libertades p\u00fablicas, yermo de tratamiento cient\u00edfico espec\u00edfico. As\u00ed pues, desde el basamento de la reserva a 10 p\u00fablico de las funciones derivadas de la soberan\u00eda del Estado, como son las de la seguridad ciudadana; se analiza, tanto el encaje constitucional de la seguridad privada, como la incidencia funcional de sus agentes en derechos fundamentales como la libertad personal, la integridad f\u00edsica y moral, la inviolabilidad del domicilio, el secreto de las comunicaciones, el derecho a la intimidad y a la propia imagen, as\u00ed como la protecci\u00f3n de datos de car\u00e1cter personal.<\/p>\n","protected":false},"excerpt":{"rendered":"<p>M\u00aa Josefa Ridaura Mart\u00ednez Maison d&#8217;\u00e9dition Tirant R\u00e9sum\u00e9: La presente obra aborda el estudio de la reciente Ley de Seguridad Privada 5\/2014, de 4 de abril, desde los valores y principios que presiden el Derecho Constitucional; acometiendo uno de sus temas nodales como es el referido al binomio libertad- seguridad; afectado por la creciente implicaci\u00f3n de los agentes privados en el desarrollo de la funci\u00f3n de seguridad, como consecuencia de&hellip; <\/p>\n","protected":false},"author":3,"featured_media":19712,"comment_status":"open","ping_status":"closed","sticky":false,"template":"","format":"standard","meta":{"footnotes":""},"categories":[81,6,25],"tags":[],"class_list":["post-19711","post","type-post","status-publish","format-standard","has-post-thumbnail","hentry","category-espanol","category-livros","category-seguranca-publica-e-defesa"],"views":131,"_links":{"self":[{"href":"https:\/\/www.bibliotecadeseguranca.com.br\/fr\/wp-json\/wp\/v2\/posts\/19711","targetHints":{"allow":["GET"]}}],"collection":[{"href":"https:\/\/www.bibliotecadeseguranca.com.br\/fr\/wp-json\/wp\/v2\/posts"}],"about":[{"href":"https:\/\/www.bibliotecadeseguranca.com.br\/fr\/wp-json\/wp\/v2\/types\/post"}],"author":[{"embeddable":true,"href":"https:\/\/www.bibliotecadeseguranca.com.br\/fr\/wp-json\/wp\/v2\/users\/3"}],"replies":[{"embeddable":true,"href":"https:\/\/www.bibliotecadeseguranca.com.br\/fr\/wp-json\/wp\/v2\/comments?post=19711"}],"version-history":[{"count":1,"href":"https:\/\/www.bibliotecadeseguranca.com.br\/fr\/wp-json\/wp\/v2\/posts\/19711\/revisions"}],"predecessor-version":[{"id":19713,"href":"https:\/\/www.bibliotecadeseguranca.com.br\/fr\/wp-json\/wp\/v2\/posts\/19711\/revisions\/19713"}],"wp:featuredmedia":[{"embeddable":true,"href":"https:\/\/www.bibliotecadeseguranca.com.br\/fr\/wp-json\/wp\/v2\/media\/19712"}],"wp:attachment":[{"href":"https:\/\/www.bibliotecadeseguranca.com.br\/fr\/wp-json\/wp\/v2\/media?parent=19711"}],"wp:term":[{"taxonomy":"category","embeddable":true,"href":"https:\/\/www.bibliotecadeseguranca.com.br\/fr\/wp-json\/wp\/v2\/categories?post=19711"},{"taxonomy":"post_tag","embeddable":true,"href":"https:\/\/www.bibliotecadeseguranca.com.br\/fr\/wp-json\/wp\/v2\/tags?post=19711"}],"curies":[{"name":"wp","href":"https:\/\/api.w.org\/{rel}","templated":true}]}}