{"id":19667,"date":"2024-04-05T14:00:57","date_gmt":"2024-04-05T17:00:57","guid":{"rendered":"https:\/\/www.bibliotecadeseguranca.com.br\/fr\/?p=19667"},"modified":"2024-04-05T13:53:27","modified_gmt":"2024-04-05T16:53:27","slug":"atelier-international-des-points-focaux-nationaux-de-lutte-contre-le-terrorisme","status":"publish","type":"post","link":"https:\/\/www.bibliotecadeseguranca.com.br\/fr\/livros\/atelier-international-des-points-focaux-nationaux-de-lutte-contre-le-terrorisme\/","title":{"rendered":"Atelier International des Points Focaux Nationaux de Lutte Contre le Terrorisme"},"content":{"rendered":"<p><span style=\"color: #003366;\"><strong><img loading=\"lazy\" decoding=\"async\" class=\"alignleft size-full wp-image-19668\" src=\"https:\/\/www.bibliotecadeseguranca.com.br\/fr\/wp-content\/uploads\/2024\/04\/atelier-international-des-points-focaux-nationaux-de-lutte-contre-le-terrorisme.jpg\" alt=\"Atelier International des Points Focaux Nationaux de Lutte Contre le Terrorisme\" width=\"145\" height=\"205\" srcset=\"https:\/\/www.bibliotecadeseguranca.com.br\/fr\/wp-content\/uploads\/2024\/04\/atelier-international-des-points-focaux-nationaux-de-lutte-contre-le-terrorisme.jpg 145w, https:\/\/www.bibliotecadeseguranca.com.br\/fr\/wp-content\/uploads\/2024\/04\/atelier-international-des-points-focaux-nationaux-de-lutte-contre-le-terrorisme-106x150.jpg 106w\" sizes=\"auto, (max-width: 145px) 100vw, 145px\" \/>ONU<\/strong><\/span><\/p>\n<p><span style=\"color: #003366;\"><strong>R\u00e9sum\u00e9:<\/strong><\/span> Ces dix derni\u00e8res ann\u00e9es, la lutte contre le terrorisme a pris une dimension mondiale et est devenue l\u2019une des premi\u00e8res priorit\u00e9s de la communaut\u00e9 internationale. Bien que des progr\u00e8s aient \u00e9t\u00e9 r\u00e9alis\u00e9s pour combattre le terrorisme et en comprendre les causes profondes, cette menace reste l\u2019une des plus graves auxquelles la communaut\u00e9 internationale doit faire face aujourd\u2019hui. Le probl\u00e8me est complexe et n\u00e9cessite une action multilat\u00e9rale coordonn\u00e9e.<br \/>\nL\u2019adoption de la Strat\u00e9gie antiterroriste mondiale de l\u2019Organisation des Nations Unies par l\u2019Assembl\u00e9e g\u00e9n\u00e9rale en septembre 2006 a \u00e9t\u00e9 un tournant. La Strat\u00e9gie pr\u00e9voit une action globale contre le terrorisme aux \u00e9chelles nationale, r\u00e9gionale et mondiale, sur laquelle se sont mis d\u2019accord tous les \u00c9tats Membres de l\u2019ONU.<br \/>\nLa Strat\u00e9gie mondiale doit \u00eatre mise en \u0153uvre par le biais de mesures concr\u00e8tes. Les \u00c9tats Membres sont les premiers responsables \u00e0 cet \u00e9gard. Ils doivent identifier leurs propres besoins et adopter le cas \u00e9ch\u00e9ant des strat\u00e9gies globales et des mesures y aff\u00e9rentes au niveau national. Une bonne application de la Strat\u00e9gie et d\u2019autres mandats internationaux n\u00e9cessite la participation soutenue d\u2019un large \u00e9ventail d\u2019acteurs nationaux de diff\u00e9rents domaines, c\u2019est-\u00e0-dire non seulement d\u2019agents des services de s\u00e9curit\u00e9 et des services de d\u00e9tection et de r\u00e9pression, mais aussi d\u2019intervenants tr\u00e8s divers, y compris de membres de la soci\u00e9t\u00e9 civile, dans des domaines tels que les droits de l\u2019homme, l\u2019\u00e9ducation, les services sociaux,<br \/>\nl\u2019aide au d\u00e9veloppement et le secteur financier, qui ne sont pas traditionnellement associ\u00e9s aux efforts de lutte contre le terrorisme et qui, pour certains, contribuent pourtant \u00e0 \u00e9liminer les conditions en favorisant la propagation. Au niveau national, le succ\u00e8s de la mise en \u0153uvre des mesures antiterroristes passe par une synergie des efforts et une coop\u00e9ration interinstitutions ou interd\u00e9partementale efficace. Pour relever le d\u00e9fi de la mise en \u0153uvre des quatre piliers de la Strat\u00e9gie mondiale et d\u2019autres mandats internationaux en mati\u00e8re de lutte contre le terrorisme, les \u00c9tats Membres devraient pouvoir compter sur une assistance suffisante afin d\u2019obtenir des r\u00e9sultats durables.<\/p>\n<p><a href=\"https:\/\/www.bibliotecadeseguranca.com.br\/wp-content\/uploads\/2024\/04\/atelier-international-des-points-focaux-nationaux-de-lutte-contre-le-terrorisme.pdf\" target=\"_blank\" rel=\"noopener\"><img loading=\"lazy\" decoding=\"async\" class=\"alignleft wp-image-12143 size-full\" src=\"https:\/\/www.bibliotecadeseguranca.com.br\/fr\/wp-content\/uploads\/2015\/03\/download_fr.gif\" alt=\"T\u00e9l\u00e9charger\" width=\"107\" height=\"25\" \/><\/a><\/p>\n","protected":false},"excerpt":{"rendered":"<p>ONU R\u00e9sum\u00e9: Ces dix derni\u00e8res ann\u00e9es, la lutte contre le terrorisme a pris une dimension mondiale et est devenue l\u2019une des premi\u00e8res priorit\u00e9s de la communaut\u00e9 internationale. Bien que des progr\u00e8s aient \u00e9t\u00e9 r\u00e9alis\u00e9s pour combattre le terrorisme et en comprendre les causes profondes, cette menace reste l\u2019une des plus graves auxquelles la communaut\u00e9 internationale doit faire face aujourd\u2019hui. Le probl\u00e8me est complexe et n\u00e9cessite une action multilat\u00e9rale coordonn\u00e9e. L\u2019adoption&hellip; <\/p>\n","protected":false},"author":3,"featured_media":19668,"comment_status":"open","ping_status":"closed","sticky":false,"template":"","format":"standard","meta":{"footnotes":""},"categories":[109,6,25,112],"tags":[],"class_list":["post-19667","post","type-post","status-publish","format-standard","has-post-thumbnail","hentry","category-francais","category-livros","category-seguranca-publica-e-defesa","category-download"],"views":174,"_links":{"self":[{"href":"https:\/\/www.bibliotecadeseguranca.com.br\/fr\/wp-json\/wp\/v2\/posts\/19667","targetHints":{"allow":["GET"]}}],"collection":[{"href":"https:\/\/www.bibliotecadeseguranca.com.br\/fr\/wp-json\/wp\/v2\/posts"}],"about":[{"href":"https:\/\/www.bibliotecadeseguranca.com.br\/fr\/wp-json\/wp\/v2\/types\/post"}],"author":[{"embeddable":true,"href":"https:\/\/www.bibliotecadeseguranca.com.br\/fr\/wp-json\/wp\/v2\/users\/3"}],"replies":[{"embeddable":true,"href":"https:\/\/www.bibliotecadeseguranca.com.br\/fr\/wp-json\/wp\/v2\/comments?post=19667"}],"version-history":[{"count":1,"href":"https:\/\/www.bibliotecadeseguranca.com.br\/fr\/wp-json\/wp\/v2\/posts\/19667\/revisions"}],"predecessor-version":[{"id":19669,"href":"https:\/\/www.bibliotecadeseguranca.com.br\/fr\/wp-json\/wp\/v2\/posts\/19667\/revisions\/19669"}],"wp:featuredmedia":[{"embeddable":true,"href":"https:\/\/www.bibliotecadeseguranca.com.br\/fr\/wp-json\/wp\/v2\/media\/19668"}],"wp:attachment":[{"href":"https:\/\/www.bibliotecadeseguranca.com.br\/fr\/wp-json\/wp\/v2\/media?parent=19667"}],"wp:term":[{"taxonomy":"category","embeddable":true,"href":"https:\/\/www.bibliotecadeseguranca.com.br\/fr\/wp-json\/wp\/v2\/categories?post=19667"},{"taxonomy":"post_tag","embeddable":true,"href":"https:\/\/www.bibliotecadeseguranca.com.br\/fr\/wp-json\/wp\/v2\/tags?post=19667"}],"curies":[{"name":"wp","href":"https:\/\/api.w.org\/{rel}","templated":true}]}}