{"id":19657,"date":"2024-04-01T14:00:01","date_gmt":"2024-04-01T17:00:01","guid":{"rendered":"https:\/\/www.bibliotecadeseguranca.com.br\/fr\/?p=19657"},"modified":"2024-04-01T12:41:59","modified_gmt":"2024-04-01T15:41:59","slug":"mapa-da-seguranca-publica-2024","status":"publish","type":"post","link":"https:\/\/www.bibliotecadeseguranca.com.br\/fr\/livros\/mapa-da-seguranca-publica-2024\/","title":{"rendered":"Mapa da Seguran\u00e7a P\u00fablica &#8211; 2024"},"content":{"rendered":"<p><span style=\"color: #003366;\"><strong><img loading=\"lazy\" decoding=\"async\" class=\"alignleft size-full wp-image-19658\" src=\"https:\/\/www.bibliotecadeseguranca.com.br\/fr\/wp-content\/uploads\/2024\/04\/mapa-da-seguranca-publica-2024.jpg\" alt=\"Mapa da Seguran\u00e7a P\u00fablica - 2024\" width=\"145\" height=\"205\" srcset=\"https:\/\/www.bibliotecadeseguranca.com.br\/fr\/wp-content\/uploads\/2024\/04\/mapa-da-seguranca-publica-2024.jpg 145w, https:\/\/www.bibliotecadeseguranca.com.br\/fr\/wp-content\/uploads\/2024\/04\/mapa-da-seguranca-publica-2024-106x150.jpg 106w\" sizes=\"auto, (max-width: 145px) 100vw, 145px\" \/>Minist\u00e9rio da Justi\u00e7a e Seguran\u00e7a P\u00fablica<\/strong><\/span><\/p>\n<p><span style=\"color: #003366;\"><strong>R\u00e9sum\u00e9:<\/strong><\/span> As estat\u00edsticas oficiais de criminalidade desempenham um papel fundamental na compreens\u00e3o do cen\u00e1rio de seguran\u00e7a p\u00fablica em nosso pa\u00eds. Elas n\u00e3o apenas refletem a realidade dos crimes cometidos, mas tamb\u00e9m orientam a\u00e7\u00f5es e interven\u00e7\u00f5es para preven\u00e7\u00e3o e melhoria da sensa\u00e7\u00e3o de seguran\u00e7a da popula\u00e7\u00e3o. Ao mesmo tempo, integrar dados e produzir informa\u00e7\u00f5es confi\u00e1veis \u00e9 um processo desafiador, especialmente em um pa\u00eds t\u00e3o diverso e heterog\u00eaneo como o Brasil, mas tamb\u00e9m fundamental para o estabelecimento de pol\u00edticas p\u00fablicas efetivas.<br \/>\nO Mapa da Seguran\u00e7a P\u00fablica 2024 \u2013 ano-base 2023 \u2013 constitui-se em um relat\u00f3rio anal\u00edtico que re\u00fane indicadores criminais e dados estat\u00edsticos com essa finalidade. A presente publica\u00e7\u00e3o representa um marco importante para o Minist\u00e9rio da Justi\u00e7a e Seguran\u00e7a P\u00fablica, pois inaugura a divulga\u00e7\u00e3o de informa\u00e7\u00f5es com recorte anual sobre os Dados Nacionais de Seguran\u00e7a P\u00fablica desde que esses tiveram o n\u00famero de indicadores ampliados e a coleta informatizada, esta que passou a ser feita junto \u00e0s Unidades Federativas, por meio do Sinesp Validador de Dados Estat\u00edsticos \u2013 Sinesp VDE.<br \/>\nAl\u00e9m disso, o Mapa da Seguran\u00e7a P\u00fablica se junta a outras importantes publica\u00e7\u00f5es, como o Anu\u00e1rio Brasileiro de Seguran\u00e7a P\u00fablica, produzido pelo F\u00f3rum Brasileiro de Seguran\u00e7a P\u00fablica-FBSP, e o Atlas da Viol\u00eancia, desenvolvido pelo Instituto de Pesquisa Econ\u00f4mica Aplicada-IPEA em parceria com o FBSP. Cada um desses documentos baseia-se em diferentes bases de dados e possui metodologias, estruturas e enfoques distintos. Em conjunto, eles contribuem para uma compreens\u00e3o mais completa da din\u00e2mica da viol\u00eancia no pa\u00eds.<\/p>\n<p><a href=\"https:\/\/www.bibliotecadeseguranca.com.br\/wp-content\/uploads\/2024\/04\/mapa-da-seguranca-publica-2024.pdf\" target=\"_blank\" rel=\"noopener\"><img loading=\"lazy\" decoding=\"async\" class=\"alignleft wp-image-12143 size-full\" src=\"https:\/\/www.bibliotecadeseguranca.com.br\/fr\/wp-content\/uploads\/2015\/03\/download_fr.gif\" alt=\"T\u00e9l\u00e9charger\" width=\"107\" height=\"25\" \/><\/a><\/p>\n","protected":false},"excerpt":{"rendered":"<p>Minist\u00e9rio da Justi\u00e7a e Seguran\u00e7a P\u00fablica R\u00e9sum\u00e9: As estat\u00edsticas oficiais de criminalidade desempenham um papel fundamental na compreens\u00e3o do cen\u00e1rio de seguran\u00e7a p\u00fablica em nosso pa\u00eds. Elas n\u00e3o apenas refletem a realidade dos crimes cometidos, mas tamb\u00e9m orientam a\u00e7\u00f5es e interven\u00e7\u00f5es para preven\u00e7\u00e3o e melhoria da sensa\u00e7\u00e3o de seguran\u00e7a da popula\u00e7\u00e3o. Ao mesmo tempo, integrar dados e produzir informa\u00e7\u00f5es confi\u00e1veis \u00e9 um processo desafiador, especialmente em um pa\u00eds t\u00e3o diverso&hellip; <\/p>\n","protected":false},"author":3,"featured_media":19658,"comment_status":"open","ping_status":"closed","sticky":false,"template":"","format":"standard","meta":{"footnotes":""},"categories":[6,25,112],"tags":[],"class_list":["post-19657","post","type-post","status-publish","format-standard","has-post-thumbnail","hentry","category-livros","category-seguranca-publica-e-defesa","category-download"],"views":455,"_links":{"self":[{"href":"https:\/\/www.bibliotecadeseguranca.com.br\/fr\/wp-json\/wp\/v2\/posts\/19657","targetHints":{"allow":["GET"]}}],"collection":[{"href":"https:\/\/www.bibliotecadeseguranca.com.br\/fr\/wp-json\/wp\/v2\/posts"}],"about":[{"href":"https:\/\/www.bibliotecadeseguranca.com.br\/fr\/wp-json\/wp\/v2\/types\/post"}],"author":[{"embeddable":true,"href":"https:\/\/www.bibliotecadeseguranca.com.br\/fr\/wp-json\/wp\/v2\/users\/3"}],"replies":[{"embeddable":true,"href":"https:\/\/www.bibliotecadeseguranca.com.br\/fr\/wp-json\/wp\/v2\/comments?post=19657"}],"version-history":[{"count":1,"href":"https:\/\/www.bibliotecadeseguranca.com.br\/fr\/wp-json\/wp\/v2\/posts\/19657\/revisions"}],"predecessor-version":[{"id":19659,"href":"https:\/\/www.bibliotecadeseguranca.com.br\/fr\/wp-json\/wp\/v2\/posts\/19657\/revisions\/19659"}],"wp:featuredmedia":[{"embeddable":true,"href":"https:\/\/www.bibliotecadeseguranca.com.br\/fr\/wp-json\/wp\/v2\/media\/19658"}],"wp:attachment":[{"href":"https:\/\/www.bibliotecadeseguranca.com.br\/fr\/wp-json\/wp\/v2\/media?parent=19657"}],"wp:term":[{"taxonomy":"category","embeddable":true,"href":"https:\/\/www.bibliotecadeseguranca.com.br\/fr\/wp-json\/wp\/v2\/categories?post=19657"},{"taxonomy":"post_tag","embeddable":true,"href":"https:\/\/www.bibliotecadeseguranca.com.br\/fr\/wp-json\/wp\/v2\/tags?post=19657"}],"curies":[{"name":"wp","href":"https:\/\/api.w.org\/{rel}","templated":true}]}}