{"id":19651,"date":"2024-03-29T14:00:13","date_gmt":"2024-03-29T17:00:13","guid":{"rendered":"https:\/\/www.bibliotecadeseguranca.com.br\/fr\/?p=19651"},"modified":"2024-03-29T13:04:45","modified_gmt":"2024-03-29T16:04:45","slug":"insecurites-publiques-securite-privee","status":"publish","type":"post","link":"https:\/\/www.bibliotecadeseguranca.com.br\/fr\/livros\/insecurites-publiques-securite-privee\/","title":{"rendered":"Ins\u00e9curit\u00e9s Publiques, S\u00e9curit\u00e9 Priv\u00e9e"},"content":{"rendered":"<p><span style=\"color: #003366;\"><strong><img loading=\"lazy\" decoding=\"async\" class=\"alignleft size-full wp-image-19652\" src=\"https:\/\/www.bibliotecadeseguranca.com.br\/fr\/wp-content\/uploads\/2024\/03\/insecurites-publiques-securite-privee.jpg\" alt=\"Ins\u00e9curit\u00e9s Publiques, S\u00e9curit\u00e9 Priv\u00e9e\" width=\"145\" height=\"225\" srcset=\"https:\/\/www.bibliotecadeseguranca.com.br\/fr\/wp-content\/uploads\/2024\/03\/insecurites-publiques-securite-privee.jpg 145w, https:\/\/www.bibliotecadeseguranca.com.br\/fr\/wp-content\/uploads\/2024\/03\/insecurites-publiques-securite-privee-97x150.jpg 97w\" sizes=\"auto, (max-width: 145px) 100vw, 145px\" \/>Jean-Jacques Roche<\/strong><\/span><\/p>\n<p><span style=\"color: #003366;\"><strong>Maison d&#8217;\u00e9dition Economica<\/strong><\/span><\/p>\n<p><span style=\"color: #003366;\"><strong>R\u00e9sum\u00e9:<\/strong><\/span> Ce livre pr\u00e9sente les craintes suscit\u00e9es par la privatisation des services de s\u00e9curit\u00e9 et l&#8217;\u00e9ventuel retour des &#8220;grandes compagnies&#8221;, r\u00e9put\u00e9es peu fiables. Il montre que la s\u00e9curit\u00e9 appartient de plus en plus \u00e0 des entreprises priv\u00e9es, sous le double effet de la professionnalisation des arm\u00e9es et de la transformation des conflits.<br \/>\nSommaire : De la tol\u00e9rance \u00e0 la sous-traitance : Privatisation de la guerre et droit international g\u00e9n\u00e9ral, Privatisation de la guerre et droit international humanitaire; L&#8217;approche constitutionnelle et l\u00e9gislative de la privatisation de la s\u00e9curit\u00e9 en France, La loi du 14 avril 2003 relative \u00e0 la r\u00e9pression de l&#8217;activit\u00e9 en France, etc.; V\u00e9rit\u00e9 au-de\u00e7\u00e0, erreur au-del\u00e0 : Le liban : un retour de l&#8217;\u00c9tat au prix d&#8217;une souverainet\u00e9 alt\u00e9r\u00e9e, Afrique : du mercenariat artisanal au mercenariat entrepreneurial, etc.<\/p>\n","protected":false},"excerpt":{"rendered":"<p>Jean-Jacques Roche Maison d&#8217;\u00e9dition Economica R\u00e9sum\u00e9: Ce livre pr\u00e9sente les craintes suscit\u00e9es par la privatisation des services de s\u00e9curit\u00e9 et l&#8217;\u00e9ventuel retour des &#8220;grandes compagnies&#8221;, r\u00e9put\u00e9es peu fiables. Il montre que la s\u00e9curit\u00e9 appartient de plus en plus \u00e0 des entreprises priv\u00e9es, sous le double effet de la professionnalisation des arm\u00e9es et de la transformation des conflits. Sommaire : De la tol\u00e9rance \u00e0 la sous-traitance : Privatisation de la guerre&hellip; <\/p>\n","protected":false},"author":3,"featured_media":19652,"comment_status":"open","ping_status":"closed","sticky":false,"template":"","format":"standard","meta":{"footnotes":""},"categories":[109,6,25],"tags":[],"class_list":["post-19651","post","type-post","status-publish","format-standard","has-post-thumbnail","hentry","category-francais","category-livros","category-seguranca-publica-e-defesa"],"views":311,"_links":{"self":[{"href":"https:\/\/www.bibliotecadeseguranca.com.br\/fr\/wp-json\/wp\/v2\/posts\/19651","targetHints":{"allow":["GET"]}}],"collection":[{"href":"https:\/\/www.bibliotecadeseguranca.com.br\/fr\/wp-json\/wp\/v2\/posts"}],"about":[{"href":"https:\/\/www.bibliotecadeseguranca.com.br\/fr\/wp-json\/wp\/v2\/types\/post"}],"author":[{"embeddable":true,"href":"https:\/\/www.bibliotecadeseguranca.com.br\/fr\/wp-json\/wp\/v2\/users\/3"}],"replies":[{"embeddable":true,"href":"https:\/\/www.bibliotecadeseguranca.com.br\/fr\/wp-json\/wp\/v2\/comments?post=19651"}],"version-history":[{"count":1,"href":"https:\/\/www.bibliotecadeseguranca.com.br\/fr\/wp-json\/wp\/v2\/posts\/19651\/revisions"}],"predecessor-version":[{"id":19653,"href":"https:\/\/www.bibliotecadeseguranca.com.br\/fr\/wp-json\/wp\/v2\/posts\/19651\/revisions\/19653"}],"wp:featuredmedia":[{"embeddable":true,"href":"https:\/\/www.bibliotecadeseguranca.com.br\/fr\/wp-json\/wp\/v2\/media\/19652"}],"wp:attachment":[{"href":"https:\/\/www.bibliotecadeseguranca.com.br\/fr\/wp-json\/wp\/v2\/media?parent=19651"}],"wp:term":[{"taxonomy":"category","embeddable":true,"href":"https:\/\/www.bibliotecadeseguranca.com.br\/fr\/wp-json\/wp\/v2\/categories?post=19651"},{"taxonomy":"post_tag","embeddable":true,"href":"https:\/\/www.bibliotecadeseguranca.com.br\/fr\/wp-json\/wp\/v2\/tags?post=19651"}],"curies":[{"name":"wp","href":"https:\/\/api.w.org\/{rel}","templated":true}]}}