{"id":19619,"date":"2024-03-15T14:00:44","date_gmt":"2024-03-15T17:00:44","guid":{"rendered":"https:\/\/www.bibliotecadeseguranca.com.br\/fr\/?p=19619"},"modified":"2024-03-15T08:27:03","modified_gmt":"2024-03-15T11:27:03","slug":"traite-de-droit-de-la-police-et-de-la-securite","status":"publish","type":"post","link":"https:\/\/www.bibliotecadeseguranca.com.br\/fr\/livros\/traite-de-droit-de-la-police-et-de-la-securite\/","title":{"rendered":"Trait\u00e9 de Droit de la Police et de la S\u00e9curit\u00e9"},"content":{"rendered":"<p><span style=\"color: #003366;\"><strong><img loading=\"lazy\" decoding=\"async\" class=\"alignleft size-full wp-image-19620\" src=\"https:\/\/www.bibliotecadeseguranca.com.br\/fr\/wp-content\/uploads\/2024\/03\/traite-de-droit-de-la-police-et-de-la-securite.jpg\" alt=\"Trait\u00e9 de Droit de la Police et de la S\u00e9curit\u00e9\" width=\"145\" height=\"199\" srcset=\"https:\/\/www.bibliotecadeseguranca.com.br\/fr\/wp-content\/uploads\/2024\/03\/traite-de-droit-de-la-police-et-de-la-securite.jpg 145w, https:\/\/www.bibliotecadeseguranca.com.br\/fr\/wp-content\/uploads\/2024\/03\/traite-de-droit-de-la-police-et-de-la-securite-109x150.jpg 109w\" sizes=\"auto, (max-width: 145px) 100vw, 145px\" \/>Pascal Mbongo<\/strong><\/span><\/p>\n<p><span style=\"color: #003366;\"><strong>Maison d&#8217;\u00e9dition LGDJ<\/strong><\/span><\/p>\n<p><span style=\"color: #003366;\"><strong>R\u00e9sum\u00e9:<\/strong><\/span> Le droit de la police et de la s\u00e9curit\u00e9 d\u00e9signe le maillage fran\u00e7ais des autorit\u00e9s de police, des forces publiques de s\u00e9curit\u00e9 (police nationale, gendarmerie nationale, douane, administration p\u00e9nitentiaire, polices municipales). Ces autorit\u00e9s et ces forces ont une double activit\u00e9 normative et op\u00e9rationnelle dense et vari\u00e9e, qui va de la protection des personnes et des biens jusqu&#8217;\u00e0 la police judiciaire, en passant par la pr\u00e9vention de la criminalit\u00e9 et de la d\u00e9linquance, la police administrative, la recherche de renseignements ou le maintien de l&#8217;ordre.<\/p>\n<p>Loin d&#8217;\u00eatre monopolistique, la \u00ab force publique \u00bb voulue par la D\u00e9claration de 1789 voit exister \u00e0 ses marges des activit\u00e9s priv\u00e9es de s\u00e9curit\u00e9, des personnes physiques ou morales priv\u00e9es investies ou non de pr\u00e9rogatives de puissance publique. L&#8217;existence et l&#8217;action de ces personnes physiques ou morales sont n\u00e9anmoins ma\u00eetris\u00e9es par l&#8217;\u00c9tat.<\/p>\n<p>La double activit\u00e9 normative et op\u00e9rationnelle des autorit\u00e9s de police et des forces publiques de s\u00e9curit\u00e9 est balis\u00e9e par une importante r\u00e9glementation internationale ou europ\u00e9enne dont Interpol, le syst\u00e8me d&#8217;information Europol, le syst\u00e8me d&#8217;information Schengen, les centres de coop\u00e9ration polici\u00e8re et douani\u00e8re \u00e0 la fronti\u00e8re ou les commissariats communs ne sont que les expressions les plus visibles.<\/p>\n<p>Le Conseil constitutionnel, la Cour europ\u00e9enne des droits de l&#8217;Homme, les contr\u00f4les administratifs (corps d&#8217;inspection, contr\u00f4leur g\u00e9n\u00e9ral des lieux de privation de libert\u00e9, d\u00e9fenseur des droits) et les juridictions administratives et judiciaires, ne s&#8217;efforcent pas moins de soumettre au droit et \u00e0 un id\u00e9al sup\u00e9rieur de libert\u00e9 une fonction polici\u00e8re de l&#8217;\u00c9tat travaill\u00e9e par une contradiction tendancielle entre son inscription dans l&#8217;\u00c9tat de droit et une tentation de s&#8217;en abstraire au nom d&#8217;une logique propre.<\/p>\n","protected":false},"excerpt":{"rendered":"<p>Pascal Mbongo Maison d&#8217;\u00e9dition LGDJ R\u00e9sum\u00e9: Le droit de la police et de la s\u00e9curit\u00e9 d\u00e9signe le maillage fran\u00e7ais des autorit\u00e9s de police, des forces publiques de s\u00e9curit\u00e9 (police nationale, gendarmerie nationale, douane, administration p\u00e9nitentiaire, polices municipales). Ces autorit\u00e9s et ces forces ont une double activit\u00e9 normative et op\u00e9rationnelle dense et vari\u00e9e, qui va de la protection des personnes et des biens jusqu&#8217;\u00e0 la police judiciaire, en passant par la&hellip; <\/p>\n","protected":false},"author":3,"featured_media":19620,"comment_status":"open","ping_status":"closed","sticky":false,"template":"","format":"standard","meta":{"footnotes":""},"categories":[109,6,25],"tags":[],"class_list":["post-19619","post","type-post","status-publish","format-standard","has-post-thumbnail","hentry","category-francais","category-livros","category-seguranca-publica-e-defesa"],"views":186,"_links":{"self":[{"href":"https:\/\/www.bibliotecadeseguranca.com.br\/fr\/wp-json\/wp\/v2\/posts\/19619","targetHints":{"allow":["GET"]}}],"collection":[{"href":"https:\/\/www.bibliotecadeseguranca.com.br\/fr\/wp-json\/wp\/v2\/posts"}],"about":[{"href":"https:\/\/www.bibliotecadeseguranca.com.br\/fr\/wp-json\/wp\/v2\/types\/post"}],"author":[{"embeddable":true,"href":"https:\/\/www.bibliotecadeseguranca.com.br\/fr\/wp-json\/wp\/v2\/users\/3"}],"replies":[{"embeddable":true,"href":"https:\/\/www.bibliotecadeseguranca.com.br\/fr\/wp-json\/wp\/v2\/comments?post=19619"}],"version-history":[{"count":1,"href":"https:\/\/www.bibliotecadeseguranca.com.br\/fr\/wp-json\/wp\/v2\/posts\/19619\/revisions"}],"predecessor-version":[{"id":19621,"href":"https:\/\/www.bibliotecadeseguranca.com.br\/fr\/wp-json\/wp\/v2\/posts\/19619\/revisions\/19621"}],"wp:featuredmedia":[{"embeddable":true,"href":"https:\/\/www.bibliotecadeseguranca.com.br\/fr\/wp-json\/wp\/v2\/media\/19620"}],"wp:attachment":[{"href":"https:\/\/www.bibliotecadeseguranca.com.br\/fr\/wp-json\/wp\/v2\/media?parent=19619"}],"wp:term":[{"taxonomy":"category","embeddable":true,"href":"https:\/\/www.bibliotecadeseguranca.com.br\/fr\/wp-json\/wp\/v2\/categories?post=19619"},{"taxonomy":"post_tag","embeddable":true,"href":"https:\/\/www.bibliotecadeseguranca.com.br\/fr\/wp-json\/wp\/v2\/tags?post=19619"}],"curies":[{"name":"wp","href":"https:\/\/api.w.org\/{rel}","templated":true}]}}