{"id":19603,"date":"2024-03-08T14:00:35","date_gmt":"2024-03-08T17:00:35","guid":{"rendered":"https:\/\/www.bibliotecadeseguranca.com.br\/fr\/?p=19603"},"modified":"2024-03-08T13:47:19","modified_gmt":"2024-03-08T16:47:19","slug":"programa-estatal-de-seguridad-publica","status":"publish","type":"post","link":"https:\/\/www.bibliotecadeseguranca.com.br\/fr\/livros\/programa-estatal-de-seguridad-publica\/","title":{"rendered":"Programa Estatal de Seguridad P\u00fablica"},"content":{"rendered":"<p><span style=\"color: #003366;\"><strong><img loading=\"lazy\" decoding=\"async\" class=\"alignleft size-full wp-image-19604\" src=\"https:\/\/www.bibliotecadeseguranca.com.br\/fr\/wp-content\/uploads\/2024\/03\/programa-estatal-de-seguridad-publica.jpg\" alt=\"Programa Estatal de Seguridad P\u00fablica\" width=\"145\" height=\"189\" srcset=\"https:\/\/www.bibliotecadeseguranca.com.br\/fr\/wp-content\/uploads\/2024\/03\/programa-estatal-de-seguridad-publica.jpg 145w, https:\/\/www.bibliotecadeseguranca.com.br\/fr\/wp-content\/uploads\/2024\/03\/programa-estatal-de-seguridad-publica-115x150.jpg 115w\" sizes=\"auto, (max-width: 145px) 100vw, 145px\" \/>Coahuila de Zaragoza, M\u00e9xico<\/strong><\/span><\/p>\n<p><span style=\"color: #003366;\"><strong>R\u00e9sum\u00e9:<\/strong><\/span> La seguridad y justicia son temas de gran relevancia para la actual administraci\u00f3n. Dentro del Plan Estatal de Desarrollo 2017-2023, destinamos el Eje Rector 2 para definir las estrategias que habremos de instrumentar para atender los requerimientos que en esta materia demanda, cada vez con m\u00e1s exigencia, la sociedad de todas las regiones de nuestro estado.<br \/>\nSi bien es cierto que la violencia y el delito contin\u00faan dando batalla, tambi\u00e9n es innegable que hemos logrado importantes avances en el abatimiento y combate a la delincuencia com\u00fan y organizada, todo ello enmarcado en la coordinaci\u00f3n entre autoridades y corporaciones de los tres \u00e1mbitos de gobierno. No es el momento de detenernos, habremos de redoblar esfuerzos para continuar por la ruta de paz y tranquilidad que las familias anhelan y merecen.<br \/>\nDentro de este Programa Estatal de Seguridad P\u00fablica, entre otras vertientes, contemplamos la profesionalizaci\u00f3n y el crecimiento de las corporaciones de seguridad, el fortalecimiento de sus estructuras, tareas preventivas para disminuir la incidencia delictiva y acciones precisas para lograr la reinserci\u00f3n a la sociedad de los adultos y menores en reclusi\u00f3n.<\/p>\n<p><a href=\"https:\/\/www.bibliotecadeseguranca.com.br\/wp-content\/uploads\/2024\/03\/programa-estatal-de-seguridad-publica.pdf\" target=\"_blank\" rel=\"noopener\"><img loading=\"lazy\" decoding=\"async\" class=\"alignleft wp-image-12143 size-full\" src=\"https:\/\/www.bibliotecadeseguranca.com.br\/fr\/wp-content\/uploads\/2015\/03\/download_fr.gif\" alt=\"T\u00e9l\u00e9charger\" width=\"107\" height=\"25\" \/><\/a><\/p>\n","protected":false},"excerpt":{"rendered":"<p>Coahuila de Zaragoza, M\u00e9xico R\u00e9sum\u00e9: La seguridad y justicia son temas de gran relevancia para la actual administraci\u00f3n. Dentro del Plan Estatal de Desarrollo 2017-2023, destinamos el Eje Rector 2 para definir las estrategias que habremos de instrumentar para atender los requerimientos que en esta materia demanda, cada vez con m\u00e1s exigencia, la sociedad de todas las regiones de nuestro estado. Si bien es cierto que la violencia y el&hellip; <\/p>\n","protected":false},"author":3,"featured_media":19604,"comment_status":"open","ping_status":"closed","sticky":false,"template":"","format":"standard","meta":{"footnotes":""},"categories":[81,6,25,112],"tags":[],"class_list":["post-19603","post","type-post","status-publish","format-standard","has-post-thumbnail","hentry","category-espanol","category-livros","category-seguranca-publica-e-defesa","category-download"],"views":214,"_links":{"self":[{"href":"https:\/\/www.bibliotecadeseguranca.com.br\/fr\/wp-json\/wp\/v2\/posts\/19603","targetHints":{"allow":["GET"]}}],"collection":[{"href":"https:\/\/www.bibliotecadeseguranca.com.br\/fr\/wp-json\/wp\/v2\/posts"}],"about":[{"href":"https:\/\/www.bibliotecadeseguranca.com.br\/fr\/wp-json\/wp\/v2\/types\/post"}],"author":[{"embeddable":true,"href":"https:\/\/www.bibliotecadeseguranca.com.br\/fr\/wp-json\/wp\/v2\/users\/3"}],"replies":[{"embeddable":true,"href":"https:\/\/www.bibliotecadeseguranca.com.br\/fr\/wp-json\/wp\/v2\/comments?post=19603"}],"version-history":[{"count":1,"href":"https:\/\/www.bibliotecadeseguranca.com.br\/fr\/wp-json\/wp\/v2\/posts\/19603\/revisions"}],"predecessor-version":[{"id":19605,"href":"https:\/\/www.bibliotecadeseguranca.com.br\/fr\/wp-json\/wp\/v2\/posts\/19603\/revisions\/19605"}],"wp:featuredmedia":[{"embeddable":true,"href":"https:\/\/www.bibliotecadeseguranca.com.br\/fr\/wp-json\/wp\/v2\/media\/19604"}],"wp:attachment":[{"href":"https:\/\/www.bibliotecadeseguranca.com.br\/fr\/wp-json\/wp\/v2\/media?parent=19603"}],"wp:term":[{"taxonomy":"category","embeddable":true,"href":"https:\/\/www.bibliotecadeseguranca.com.br\/fr\/wp-json\/wp\/v2\/categories?post=19603"},{"taxonomy":"post_tag","embeddable":true,"href":"https:\/\/www.bibliotecadeseguranca.com.br\/fr\/wp-json\/wp\/v2\/tags?post=19603"}],"curies":[{"name":"wp","href":"https:\/\/api.w.org\/{rel}","templated":true}]}}