{"id":19594,"date":"2024-03-04T14:00:31","date_gmt":"2024-03-04T17:00:31","guid":{"rendered":"https:\/\/www.bibliotecadeseguranca.com.br\/fr\/?p=19594"},"modified":"2024-03-04T12:56:41","modified_gmt":"2024-03-04T15:56:41","slug":"revista-prelecao-ano-i-n-05","status":"publish","type":"post","link":"https:\/\/www.bibliotecadeseguranca.com.br\/fr\/periodicos-de-seguranca\/revista-prelecao-ano-i-n-05\/","title":{"rendered":"Revista Prele\u00e7\u00e3o \u2013 Ano I \u2013 N\u00b0 05"},"content":{"rendered":"<p><span style=\"color: #003366;\"><strong><img loading=\"lazy\" decoding=\"async\" class=\"alignleft size-full wp-image-19595\" src=\"https:\/\/www.bibliotecadeseguranca.com.br\/fr\/wp-content\/uploads\/2024\/03\/revista-prelecao-ano-i-n-05.jpg\" alt=\"Revista Prele\u00e7\u00e3o \u2013 Ano I \u2013 N\u00b0 05\" width=\"145\" height=\"200\" srcset=\"https:\/\/www.bibliotecadeseguranca.com.br\/fr\/wp-content\/uploads\/2024\/03\/revista-prelecao-ano-i-n-05.jpg 145w, https:\/\/www.bibliotecadeseguranca.com.br\/fr\/wp-content\/uploads\/2024\/03\/revista-prelecao-ano-i-n-05-109x150.jpg 109w\" sizes=\"auto, (max-width: 145px) 100vw, 145px\" \/>Pol\u00edcia Militar do Estado do Esp\u00edrito Santo<\/strong><\/span><\/p>\n<p><span style=\"color: #003366;\"><strong>R\u00e9sum\u00e9:<\/strong><\/span> O senso cr\u00edtico diverge do senso comum pela an\u00e1lise, a reflex\u00e3o e a pesquisa diante de um ponto controverso, resultando numa conclus\u00e3o ao final de um estudo. Sua ess\u00eancia \u00e9 muito mais ben\u00e9fica ao indiv\u00edduo do que o senso comum, pois utilizando o senso cr\u00edtico, pensamos, refletimos e aprimoramos nosso intelecto, desenvolvendo uma vis\u00e3o hol\u00edstica voltada para o questionamento e busca de novas possibilidades. Com o senso cr\u00edtico nos tornamos mais anal\u00edticos, ponderados e desenvolvemos o racioc\u00ednio l\u00f3gico e met\u00f3dico para formular nossas conclus\u00f5es e opini\u00f5es.<br \/>\n\u00c9 assim que as \u00e1reas do conhecimento humano evoluem e v\u00e3o se aprimorando ao longo do tempo, o que certamente traz in\u00fameros benef\u00edcios para todos. A dimens\u00e3o cient\u00edfica vem ganhando espa\u00e7o nos conhecimentos da Policiologia e nas formas de abordagem das ci\u00eancias da criminologia e criminal\u00edstica. A seguran\u00e7a p\u00fablica passa a integrar os f\u00f3runs nacionais e estaduais de debate e torna-se tema da campanha da fraternidade.<br \/>\nNeste sentido, a Revista Prele\u00e7\u00e3o vem suprir a aus\u00eancia de um informativo espec\u00edfico para a publica\u00e7\u00e3o de trabalhos cient\u00edficos ligados \u00e0 \u00e1rea de seguran\u00e7a p\u00fablica no Estado do Esp\u00edrito Santo, baseando-se na exist\u00eancia de revistas cient\u00edficas publicadas por outras institui\u00e7\u00f5es que serviram de modelo. A Prele\u00e7\u00e3o inicia seu 3\u00b0 ano de exist\u00eancia consolidando-se como um ve\u00edculo de difus\u00e3o dos pensadores de seguran\u00e7a p\u00fablica, trazendo para o campo das id\u00e9ias, assuntos controversos e experi\u00eancias que merecem ampla discuss\u00e3o.<br \/>\nO sucesso deste peri\u00f3dico \u00e9 atribu\u00eddo ao elevado n\u00edvel dos artigos publicados pelos autores que desenvolvem o estudo e pesquisa na \u00e1rea de seguran\u00e7a p\u00fablica, atingindo seu objetivo de divulgar e fomentar a pesquisa na PMES, focando assuntos ligados \u00e0 \u00e1rea de seguran\u00e7a do cidad\u00e3o, contando tamb\u00e9m com a disponibilidade e envolvimento volunt\u00e1rio de todos os participantes, bem como a grande receptividade da comunidade acad\u00eamica.<br \/>\nCom a 5\u00aa Edi\u00e7\u00e3o, a revista atinge o reconhecimento por diversos segmentos da sociedade, cujo conhecimento disponibilizado em seu conte\u00fado, possui um valor imensur\u00e1vel e o retorno traduz-se no crescimento e no desenvolvimento profissional dos servidores p\u00fablicos que atuam na seguran\u00e7a e defesa social.<\/p>\n<p><a href=\"https:\/\/www.bibliotecadeseguranca.com.br\/wp-content\/uploads\/2024\/03\/revista-prelecao-ano-i-n-05.pdf\" target=\"_blank\" rel=\"noopener\"><img loading=\"lazy\" decoding=\"async\" class=\"alignleft wp-image-12143 size-full\" src=\"https:\/\/www.bibliotecadeseguranca.com.br\/fr\/wp-content\/uploads\/2015\/03\/download_fr.gif\" alt=\"T\u00e9l\u00e9charger\" width=\"107\" height=\"25\" \/><\/a><\/p>\n","protected":false},"excerpt":{"rendered":"<p>Pol\u00edcia Militar do Estado do Esp\u00edrito Santo R\u00e9sum\u00e9: O senso cr\u00edtico diverge do senso comum pela an\u00e1lise, a reflex\u00e3o e a pesquisa diante de um ponto controverso, resultando numa conclus\u00e3o ao final de um estudo. Sua ess\u00eancia \u00e9 muito mais ben\u00e9fica ao indiv\u00edduo do que o senso comum, pois utilizando o senso cr\u00edtico, pensamos, refletimos e aprimoramos nosso intelecto, desenvolvendo uma vis\u00e3o hol\u00edstica voltada para o questionamento e busca de&hellip; <\/p>\n","protected":false},"author":3,"featured_media":19595,"comment_status":"open","ping_status":"closed","sticky":false,"template":"","format":"standard","meta":{"footnotes":""},"categories":[129,71,112],"tags":[],"class_list":["post-19594","post","type-post","status-publish","format-standard","has-post-thumbnail","hentry","category-revista-prelecao","category-periodicos-de-seguranca","category-download"],"views":120,"_links":{"self":[{"href":"https:\/\/www.bibliotecadeseguranca.com.br\/fr\/wp-json\/wp\/v2\/posts\/19594","targetHints":{"allow":["GET"]}}],"collection":[{"href":"https:\/\/www.bibliotecadeseguranca.com.br\/fr\/wp-json\/wp\/v2\/posts"}],"about":[{"href":"https:\/\/www.bibliotecadeseguranca.com.br\/fr\/wp-json\/wp\/v2\/types\/post"}],"author":[{"embeddable":true,"href":"https:\/\/www.bibliotecadeseguranca.com.br\/fr\/wp-json\/wp\/v2\/users\/3"}],"replies":[{"embeddable":true,"href":"https:\/\/www.bibliotecadeseguranca.com.br\/fr\/wp-json\/wp\/v2\/comments?post=19594"}],"version-history":[{"count":1,"href":"https:\/\/www.bibliotecadeseguranca.com.br\/fr\/wp-json\/wp\/v2\/posts\/19594\/revisions"}],"predecessor-version":[{"id":19596,"href":"https:\/\/www.bibliotecadeseguranca.com.br\/fr\/wp-json\/wp\/v2\/posts\/19594\/revisions\/19596"}],"wp:featuredmedia":[{"embeddable":true,"href":"https:\/\/www.bibliotecadeseguranca.com.br\/fr\/wp-json\/wp\/v2\/media\/19595"}],"wp:attachment":[{"href":"https:\/\/www.bibliotecadeseguranca.com.br\/fr\/wp-json\/wp\/v2\/media?parent=19594"}],"wp:term":[{"taxonomy":"category","embeddable":true,"href":"https:\/\/www.bibliotecadeseguranca.com.br\/fr\/wp-json\/wp\/v2\/categories?post=19594"},{"taxonomy":"post_tag","embeddable":true,"href":"https:\/\/www.bibliotecadeseguranca.com.br\/fr\/wp-json\/wp\/v2\/tags?post=19594"}],"curies":[{"name":"wp","href":"https:\/\/api.w.org\/{rel}","templated":true}]}}