{"id":19588,"date":"2024-03-01T14:00:53","date_gmt":"2024-03-01T17:00:53","guid":{"rendered":"https:\/\/www.bibliotecadeseguranca.com.br\/fr\/?p=19588"},"modified":"2024-03-01T05:52:47","modified_gmt":"2024-03-01T08:52:47","slug":"citoyens-policiers","status":"publish","type":"post","link":"https:\/\/www.bibliotecadeseguranca.com.br\/fr\/livros\/citoyens-policiers\/","title":{"rendered":"Citoyens Policiers"},"content":{"rendered":"<p><span style=\"color: #003366;\"><strong><img loading=\"lazy\" decoding=\"async\" class=\"alignleft size-full wp-image-19589\" src=\"https:\/\/www.bibliotecadeseguranca.com.br\/fr\/wp-content\/uploads\/2024\/03\/citoyens-policiers.jpg\" alt=\"Citoyens Policiers\" width=\"145\" height=\"236\" srcset=\"https:\/\/www.bibliotecadeseguranca.com.br\/fr\/wp-content\/uploads\/2024\/03\/citoyens-policiers.jpg 145w, https:\/\/www.bibliotecadeseguranca.com.br\/fr\/wp-content\/uploads\/2024\/03\/citoyens-policiers-92x150.jpg 92w\" sizes=\"auto, (max-width: 145px) 100vw, 145px\" \/>Arnaud-Dominique Houte<\/strong><\/span><\/p>\n<p><span style=\"color: #003366;\"><strong>Maison d&#8217;\u00e9dition La D\u00e9couverte<\/strong><\/span><\/p>\n<p><span style=\"color: #003366;\"><strong>R\u00e9sum\u00e9:<\/strong><\/span> Selon la formule c\u00e9l\u00e8bre de Max Weber, l&#8217;\u00c9tat revendique le monopole de la violence physique l\u00e9gitime. Tout au long de l&#8217;\u00e9poque contemporaine, il organise des forces de l&#8217;ordre de plus en plus nombreuses et professionnalis\u00e9es.<br \/>\nDes amateurs n&#8217;ont pourtant jamais cess\u00e9 de participer aux fonctions polici\u00e8res. Ils (rarement elles) viennent en renfort quand le besoin s&#8217;en fait sentir ou quand le d\u00e9sir les y entra\u00eene. Appui citoyen ou aiguillon s\u00e9curitaire, ils rev\u00eatent des visages vari\u00e9s : foules r\u00e9volutionnaires formant leur propre police, gardes nationaux h\u00e9ro\u00efques ou ventripotents, &#8221; amis de l&#8217;ordre &#8221; arm\u00e9s de gourdins, d\u00e9tectives amateurs de la Belle \u00c9poque, volontaires ou requis des temps de guerre, gardes civiques de la Lib\u00e9ration, enfants enqu\u00eateurs des Trente Glorieuses, milices des ann\u00e9es Giscard, r\u00e9servistes de la gendarmerie, voisins vigilants du XXIe si\u00e8cle&#8230; Ce livre retrace dans leur diversit\u00e9 souvent pittoresque l&#8217;histoire foisonnante de ces groupes m\u00e9connus.<br \/>\nSuivre leur trace, comprendre les limites et les critiques de leur action, dont les sources documentent surtout les \u00e9checs, c&#8217;est \u00e9clairer l&#8217;envers de la construction de l&#8217;\u00c9tat, que l&#8217;on r\u00e9duit trop souvent \u00e0 la croissance des institutions publiques, alors qu&#8217;elle proc\u00e8de aussi d&#8217;une mobilisation civique.<br \/>\n\u00c0 l&#8217;heure o\u00f9 l&#8217;on s&#8217;interroge sur les pratiques polici\u00e8res, les obsessions s\u00e9curitaires et la participation citoyenne, cette enqu\u00eate historique de grande ampleur, fond\u00e9e sur une large palette de sources originales, entend apporter du recul et de la nuance au d\u00e9bat public.<\/p>\n","protected":false},"excerpt":{"rendered":"<p>Arnaud-Dominique Houte Maison d&#8217;\u00e9dition La D\u00e9couverte R\u00e9sum\u00e9: Selon la formule c\u00e9l\u00e8bre de Max Weber, l&#8217;\u00c9tat revendique le monopole de la violence physique l\u00e9gitime. Tout au long de l&#8217;\u00e9poque contemporaine, il organise des forces de l&#8217;ordre de plus en plus nombreuses et professionnalis\u00e9es. Des amateurs n&#8217;ont pourtant jamais cess\u00e9 de participer aux fonctions polici\u00e8res. Ils (rarement elles) viennent en renfort quand le besoin s&#8217;en fait sentir ou quand le d\u00e9sir les&hellip; <\/p>\n","protected":false},"author":3,"featured_media":19589,"comment_status":"open","ping_status":"closed","sticky":false,"template":"","format":"standard","meta":{"footnotes":""},"categories":[109,6,25],"tags":[],"class_list":["post-19588","post","type-post","status-publish","format-standard","has-post-thumbnail","hentry","category-francais","category-livros","category-seguranca-publica-e-defesa"],"views":142,"_links":{"self":[{"href":"https:\/\/www.bibliotecadeseguranca.com.br\/fr\/wp-json\/wp\/v2\/posts\/19588","targetHints":{"allow":["GET"]}}],"collection":[{"href":"https:\/\/www.bibliotecadeseguranca.com.br\/fr\/wp-json\/wp\/v2\/posts"}],"about":[{"href":"https:\/\/www.bibliotecadeseguranca.com.br\/fr\/wp-json\/wp\/v2\/types\/post"}],"author":[{"embeddable":true,"href":"https:\/\/www.bibliotecadeseguranca.com.br\/fr\/wp-json\/wp\/v2\/users\/3"}],"replies":[{"embeddable":true,"href":"https:\/\/www.bibliotecadeseguranca.com.br\/fr\/wp-json\/wp\/v2\/comments?post=19588"}],"version-history":[{"count":1,"href":"https:\/\/www.bibliotecadeseguranca.com.br\/fr\/wp-json\/wp\/v2\/posts\/19588\/revisions"}],"predecessor-version":[{"id":19590,"href":"https:\/\/www.bibliotecadeseguranca.com.br\/fr\/wp-json\/wp\/v2\/posts\/19588\/revisions\/19590"}],"wp:featuredmedia":[{"embeddable":true,"href":"https:\/\/www.bibliotecadeseguranca.com.br\/fr\/wp-json\/wp\/v2\/media\/19589"}],"wp:attachment":[{"href":"https:\/\/www.bibliotecadeseguranca.com.br\/fr\/wp-json\/wp\/v2\/media?parent=19588"}],"wp:term":[{"taxonomy":"category","embeddable":true,"href":"https:\/\/www.bibliotecadeseguranca.com.br\/fr\/wp-json\/wp\/v2\/categories?post=19588"},{"taxonomy":"post_tag","embeddable":true,"href":"https:\/\/www.bibliotecadeseguranca.com.br\/fr\/wp-json\/wp\/v2\/tags?post=19588"}],"curies":[{"name":"wp","href":"https:\/\/api.w.org\/{rel}","templated":true}]}}