{"id":19572,"date":"2024-02-23T14:00:09","date_gmt":"2024-02-23T17:00:09","guid":{"rendered":"https:\/\/www.bibliotecadeseguranca.com.br\/fr\/?p=19572"},"modified":"2024-02-23T12:59:58","modified_gmt":"2024-02-23T15:59:58","slug":"prevention-de-la-criminalite-et-securite-quotidienne","status":"publish","type":"post","link":"https:\/\/www.bibliotecadeseguranca.com.br\/fr\/livros\/prevention-de-la-criminalite-et-securite-quotidienne\/","title":{"rendered":"Prevention de la Criminalite et Securite Quotidienne"},"content":{"rendered":"<p><span style=\"color: #003366;\"><strong><img loading=\"lazy\" decoding=\"async\" class=\"alignleft size-full wp-image-19573\" src=\"https:\/\/www.bibliotecadeseguranca.com.br\/fr\/wp-content\/uploads\/2024\/02\/prevention-de-la-criminalite-et-securite-quotidienne.jpg\" alt=\"Prevention de la Criminalite et Securite Quotidienne\" width=\"145\" height=\"188\" srcset=\"https:\/\/www.bibliotecadeseguranca.com.br\/fr\/wp-content\/uploads\/2024\/02\/prevention-de-la-criminalite-et-securite-quotidienne.jpg 145w, https:\/\/www.bibliotecadeseguranca.com.br\/fr\/wp-content\/uploads\/2024\/02\/prevention-de-la-criminalite-et-securite-quotidienne-116x150.jpg 116w\" sizes=\"auto, (max-width: 145px) 100vw, 145px\" \/>Centre International pour la Pr\u00e9vention de la Criminalit\u00e9<\/strong><\/span><\/p>\n<p><span style=\"color: #003366;\"><strong>R\u00e9sum\u00e9:<\/strong><\/span> La pr\u00e9vention de la criminalit\u00e9 se confronte principalement \u00e0 deux paradoxes : d\u2019une part, le lien entre les actions de pr\u00e9vention et les ph\u00e9nom\u00e8nes li\u00e9s \u00e0 la criminalit\u00e9 est toujours indirect parce que la pr\u00e9vention s\u2019int\u00e9resse aux facteurs \u00e0 la base de la criminalit\u00e9 et de la violence. Bien que l\u2019objectif de toute strat\u00e9gie de pr\u00e9vention soit d\u2019\u00e9liminer la violence ou tout au moins de la r\u00e9duire, la pr\u00e9vention, en particulier la pr\u00e9vention de la criminalit\u00e9 communautaire et sociale, s\u2019efforce de la pr\u00e9venir au moyen d\u2019actions n\u2019ayant pas de lien avec la violence m\u00eame telles que l\u2019int\u00e9gration sociale, l\u2019\u00e9ducation, la sensibilisation, la coop\u00e9ration, etc.<br \/>\nD\u2019autre part, quand bien m\u00eame la strat\u00e9gie de pr\u00e9vention est une r\u00e9ussite, il est souvent difficile de d\u00e9montrer le lien entre les actions de pr\u00e9vention et l\u2019absence de crime ou de violence. Cette question est au c\u0153ur des probl\u00e9matiques li\u00e9es \u00e0 l\u2019\u00e9valuation des programmes de pr\u00e9vention : comment \u00e9valuer leur impact sur un ph\u00e9nom\u00e8ne qui n\u2019a pas eu lieu? Ainsi, la pr\u00e9vention sociale est confront\u00e9e \u00e0 un double d\u00e9fi : ce que nous pouvons voir et qui est sans lien avec les mesures mises en place et ce qui n\u2019arrivera jamais parce que ces mesures ont port\u00e9 fruit.<\/p>\n<p><a href=\"https:\/\/www.bibliotecadeseguranca.com.br\/wp-content\/uploads\/2024\/02\/prevention-de-la-criminalite-et-securite-quotidienne.pdf\" target=\"_blank\" rel=\"noopener\"><img loading=\"lazy\" decoding=\"async\" class=\"alignleft wp-image-12143 size-full\" src=\"https:\/\/www.bibliotecadeseguranca.com.br\/fr\/wp-content\/uploads\/2015\/03\/download_fr.gif\" alt=\"T\u00e9l\u00e9charger\" width=\"107\" height=\"25\" \/><\/a><\/p>\n","protected":false},"excerpt":{"rendered":"<p>Centre International pour la Pr\u00e9vention de la Criminalit\u00e9 R\u00e9sum\u00e9: La pr\u00e9vention de la criminalit\u00e9 se confronte principalement \u00e0 deux paradoxes : d\u2019une part, le lien entre les actions de pr\u00e9vention et les ph\u00e9nom\u00e8nes li\u00e9s \u00e0 la criminalit\u00e9 est toujours indirect parce que la pr\u00e9vention s\u2019int\u00e9resse aux facteurs \u00e0 la base de la criminalit\u00e9 et de la violence. Bien que l\u2019objectif de toute strat\u00e9gie de pr\u00e9vention soit d\u2019\u00e9liminer la violence ou&hellip; <\/p>\n","protected":false},"author":3,"featured_media":19573,"comment_status":"open","ping_status":"closed","sticky":false,"template":"","format":"standard","meta":{"footnotes":""},"categories":[109,6,25,112],"tags":[],"class_list":["post-19572","post","type-post","status-publish","format-standard","has-post-thumbnail","hentry","category-francais","category-livros","category-seguranca-publica-e-defesa","category-download"],"views":196,"_links":{"self":[{"href":"https:\/\/www.bibliotecadeseguranca.com.br\/fr\/wp-json\/wp\/v2\/posts\/19572","targetHints":{"allow":["GET"]}}],"collection":[{"href":"https:\/\/www.bibliotecadeseguranca.com.br\/fr\/wp-json\/wp\/v2\/posts"}],"about":[{"href":"https:\/\/www.bibliotecadeseguranca.com.br\/fr\/wp-json\/wp\/v2\/types\/post"}],"author":[{"embeddable":true,"href":"https:\/\/www.bibliotecadeseguranca.com.br\/fr\/wp-json\/wp\/v2\/users\/3"}],"replies":[{"embeddable":true,"href":"https:\/\/www.bibliotecadeseguranca.com.br\/fr\/wp-json\/wp\/v2\/comments?post=19572"}],"version-history":[{"count":1,"href":"https:\/\/www.bibliotecadeseguranca.com.br\/fr\/wp-json\/wp\/v2\/posts\/19572\/revisions"}],"predecessor-version":[{"id":19574,"href":"https:\/\/www.bibliotecadeseguranca.com.br\/fr\/wp-json\/wp\/v2\/posts\/19572\/revisions\/19574"}],"wp:featuredmedia":[{"embeddable":true,"href":"https:\/\/www.bibliotecadeseguranca.com.br\/fr\/wp-json\/wp\/v2\/media\/19573"}],"wp:attachment":[{"href":"https:\/\/www.bibliotecadeseguranca.com.br\/fr\/wp-json\/wp\/v2\/media?parent=19572"}],"wp:term":[{"taxonomy":"category","embeddable":true,"href":"https:\/\/www.bibliotecadeseguranca.com.br\/fr\/wp-json\/wp\/v2\/categories?post=19572"},{"taxonomy":"post_tag","embeddable":true,"href":"https:\/\/www.bibliotecadeseguranca.com.br\/fr\/wp-json\/wp\/v2\/tags?post=19572"}],"curies":[{"name":"wp","href":"https:\/\/api.w.org\/{rel}","templated":true}]}}