{"id":19553,"date":"2024-02-14T14:00:41","date_gmt":"2024-02-14T17:00:41","guid":{"rendered":"https:\/\/www.bibliotecadeseguranca.com.br\/fr\/?p=19553"},"modified":"2024-02-14T12:56:27","modified_gmt":"2024-02-14T15:56:27","slug":"seguranca-publica-redes-e-governanca","status":"publish","type":"post","link":"https:\/\/www.bibliotecadeseguranca.com.br\/fr\/livros\/seguranca-publica-redes-e-governanca\/","title":{"rendered":"Seguran\u00e7a P\u00fablica, Redes e Governan\u00e7a"},"content":{"rendered":"<p><span style=\"color: #003366;\"><strong><img loading=\"lazy\" decoding=\"async\" class=\"alignleft size-full wp-image-19554\" src=\"https:\/\/www.bibliotecadeseguranca.com.br\/fr\/wp-content\/uploads\/2024\/02\/seguranca-publica-redes-e-governanca.jpg\" alt=\"Seguran\u00e7a P\u00fablica, Redes e Governan\u00e7a\" width=\"145\" height=\"211\" srcset=\"https:\/\/www.bibliotecadeseguranca.com.br\/fr\/wp-content\/uploads\/2024\/02\/seguranca-publica-redes-e-governanca.jpg 145w, https:\/\/www.bibliotecadeseguranca.com.br\/fr\/wp-content\/uploads\/2024\/02\/seguranca-publica-redes-e-governanca-103x150.jpg 103w\" sizes=\"auto, (max-width: 145px) 100vw, 145px\" \/>Arthur Trindade M. Costa<\/strong><\/span><\/p>\n<p><span style=\"color: #003366;\"><strong>Maison d&#8217;\u00e9dition UnB<\/strong><\/span><\/p>\n<p><span style=\"color: #003366;\"><strong>R\u00e9sum\u00e9:<\/strong><\/span> Atualmente no Brasil todos parecem concordar que a seguran\u00e7a p\u00fablica \u00e9 um problema que afeta diversos aspectos da vida social, pol\u00edtica e econ\u00f4mica do pa\u00eds. A despeito dos esfor\u00e7os em aumentar os gastos na \u00e1rea, os presidentes, governadores e prefeitos eleitos nos \u00faltimos 30 anos t\u00eam fracassado em prover seguran\u00e7a para a popula\u00e7\u00e3o. O livro analisa por que a capacidade de resposta do Estado brasileiro aos problemas de seguran\u00e7a \u00e9 t\u00e3o prec\u00e1ria. N\u00e3o h\u00e1 d\u00favida que a redemocratiza\u00e7\u00e3o teve efeitos significativos sobre as pol\u00edcias. Al\u00e9m das mudan\u00e7as pol\u00edticas, h\u00e1 outras profundas transforma\u00e7\u00f5es na estrutura da sociedade que tamb\u00e9m t\u00eam afetado as rotinas, estrat\u00e9gias e objetivos do aparato de seguran\u00e7a p\u00fablica. Se o surgimento dos regimes democr\u00e1ticos, a partir da segunda metade do s\u00e9culo XX, transformou as pol\u00edcias, a emerg\u00eancia da sociedade de risco est\u00e1 afetando profundamente o campo da seguran\u00e7a p\u00fablica no in\u00edcio do s\u00e9culo XXI. O maior desafio da atualidade \u00e9 formular e implementar pol\u00edticas p\u00fablicas de seguran\u00e7a abrangentes que envolvam, al\u00e9m das pol\u00edcias, atores estatais e n\u00e3o-estatais. O conjunto desses atores comp\u00f5e redes de pol\u00edticas p\u00fablicas que requerem grande capacidade de governan\u00e7a. A configura\u00e7\u00e3o do campo da seguran\u00e7a p\u00fablica brasileiro, tanto no n\u00edvel estadual quanto no federal, produziu uma estrutura com baixa capacidade de governan\u00e7a, sendo, portanto, incapaz de dar respostas aos problemas que afligem \u00e0 popula\u00e7\u00e3o. Assim, problemas como o aumento significativo nas taxas de homic\u00eddios, o crescente medo do crime e a superlota\u00e7\u00e3o das pris\u00f5es, persistem por d\u00e9cadas sem que o Estado consiga dar alguma resposta efetiva.<\/p>\n","protected":false},"excerpt":{"rendered":"<p>Arthur Trindade M. Costa Maison d&#8217;\u00e9dition UnB R\u00e9sum\u00e9: Atualmente no Brasil todos parecem concordar que a seguran\u00e7a p\u00fablica \u00e9 um problema que afeta diversos aspectos da vida social, pol\u00edtica e econ\u00f4mica do pa\u00eds. A despeito dos esfor\u00e7os em aumentar os gastos na \u00e1rea, os presidentes, governadores e prefeitos eleitos nos \u00faltimos 30 anos t\u00eam fracassado em prover seguran\u00e7a para a popula\u00e7\u00e3o. O livro analisa por que a capacidade de resposta&hellip; <\/p>\n","protected":false},"author":3,"featured_media":19554,"comment_status":"open","ping_status":"closed","sticky":false,"template":"","format":"standard","meta":{"footnotes":""},"categories":[6,25],"tags":[],"class_list":["post-19553","post","type-post","status-publish","format-standard","has-post-thumbnail","hentry","category-livros","category-seguranca-publica-e-defesa"],"views":147,"_links":{"self":[{"href":"https:\/\/www.bibliotecadeseguranca.com.br\/fr\/wp-json\/wp\/v2\/posts\/19553","targetHints":{"allow":["GET"]}}],"collection":[{"href":"https:\/\/www.bibliotecadeseguranca.com.br\/fr\/wp-json\/wp\/v2\/posts"}],"about":[{"href":"https:\/\/www.bibliotecadeseguranca.com.br\/fr\/wp-json\/wp\/v2\/types\/post"}],"author":[{"embeddable":true,"href":"https:\/\/www.bibliotecadeseguranca.com.br\/fr\/wp-json\/wp\/v2\/users\/3"}],"replies":[{"embeddable":true,"href":"https:\/\/www.bibliotecadeseguranca.com.br\/fr\/wp-json\/wp\/v2\/comments?post=19553"}],"version-history":[{"count":1,"href":"https:\/\/www.bibliotecadeseguranca.com.br\/fr\/wp-json\/wp\/v2\/posts\/19553\/revisions"}],"predecessor-version":[{"id":19555,"href":"https:\/\/www.bibliotecadeseguranca.com.br\/fr\/wp-json\/wp\/v2\/posts\/19553\/revisions\/19555"}],"wp:featuredmedia":[{"embeddable":true,"href":"https:\/\/www.bibliotecadeseguranca.com.br\/fr\/wp-json\/wp\/v2\/media\/19554"}],"wp:attachment":[{"href":"https:\/\/www.bibliotecadeseguranca.com.br\/fr\/wp-json\/wp\/v2\/media?parent=19553"}],"wp:term":[{"taxonomy":"category","embeddable":true,"href":"https:\/\/www.bibliotecadeseguranca.com.br\/fr\/wp-json\/wp\/v2\/categories?post=19553"},{"taxonomy":"post_tag","embeddable":true,"href":"https:\/\/www.bibliotecadeseguranca.com.br\/fr\/wp-json\/wp\/v2\/tags?post=19553"}],"curies":[{"name":"wp","href":"https:\/\/api.w.org\/{rel}","templated":true}]}}