{"id":19534,"date":"2024-02-02T14:00:57","date_gmt":"2024-02-02T17:00:57","guid":{"rendered":"https:\/\/www.bibliotecadeseguranca.com.br\/fr\/?p=19534"},"modified":"2024-02-02T13:40:37","modified_gmt":"2024-02-02T16:40:37","slug":"insecurite-sortir-de-limpasse","status":"publish","type":"post","link":"https:\/\/www.bibliotecadeseguranca.com.br\/fr\/livros\/insecurite-sortir-de-limpasse\/","title":{"rendered":"Ins\u00e9curit\u00e9 &#8211; Sortir de l&#8217;impasse"},"content":{"rendered":"<p><span style=\"color: #003366;\"><strong><img loading=\"lazy\" decoding=\"async\" class=\"alignleft size-full wp-image-19535\" src=\"https:\/\/www.bibliotecadeseguranca.com.br\/fr\/wp-content\/uploads\/2024\/02\/insecurite-sortir-de-limpasse.jpg\" alt=\"Ins\u00e9curit\u00e9 - Sortir de l'impasse\" width=\"145\" height=\"223\" srcset=\"https:\/\/www.bibliotecadeseguranca.com.br\/fr\/wp-content\/uploads\/2024\/02\/insecurite-sortir-de-limpasse.jpg 145w, https:\/\/www.bibliotecadeseguranca.com.br\/fr\/wp-content\/uploads\/2024\/02\/insecurite-sortir-de-limpasse-98x150.jpg 98w\" sizes=\"auto, (max-width: 145px) 100vw, 145px\" \/>Richard Bousquet<\/strong><\/span><\/p>\n<p><span style=\"color: #003366;\"><strong>Maison d&#8217;\u00e9dition Jacques Mrie Laffont<\/strong><\/span><\/p>\n<p><span style=\"color: #003366;\"><strong>R\u00e9sum\u00e9:<\/strong><\/span> Murs tagu\u00e9s, automobiles vol\u00e9es, d\u00e9grad\u00e9es, incendi\u00e9es, vols avec violence, drogue&#8230; Coll\u00e9giens rackett\u00e9s, \u00abtournantes\u00bb dans les lyc\u00e9es, conducteurs de bus agress\u00e9s, m\u00e9decins d\u00e9pouill\u00e9s, pompiers \u00abcaillass\u00e9s\u00bb&#8230; Dans la ville, en banlieue, \u00e0 la campagne. Dans la rue, les transports, les commerces, les stades, l&#8217;\u00e9cole, dans certains quartiers sous contr\u00f4le mafieux en \u00e9tat de s\u00e9cession. Partout l&#8217;ins\u00e9curit\u00e9, l&#8217;impunit\u00e9 des auteurs, l&#8217;abandon des victimes, l&#8217;impuissance de l&#8217;\u00c9tat.<\/p>\n<p>Tout cela dure parce que les r\u00e9formes de la police, la s\u00e9curit\u00e9 partag\u00e9e, le contrat local de s\u00e9curit\u00e9 paraissent sans effet sur une d\u00e9linquance rajeunie et plus violente. Mais existe-t-il r\u00e9ellement une politique de s\u00e9curit\u00e9 ? Qui du maire ou de l&#8217;\u00c9tat doit assurer la s\u00e9curit\u00e9 de proximit\u00e9 ? La justice peut-elle encore penser aux victimes quand la proc\u00e9dure fait la part belle aux d\u00e9linquants ? Le droit p\u00e9nal des mineurs doit-il \u00e9voluer ? Comment la police et la gendarmerie peuvent-elles \u00eatre efficaces avec des structures d\u00e9pass\u00e9es ?<\/p>\n<p>Sur ces questions d&#8217;une actualit\u00e9 br\u00fblante, un policier de haut niveau apporte le point de vue des professionnels de la s\u00e9curit\u00e9 publique le plus souvent \u00e9cart\u00e9s des d\u00e9bats.<\/p>\n","protected":false},"excerpt":{"rendered":"<p>Richard Bousquet Maison d&#8217;\u00e9dition Jacques Mrie Laffont R\u00e9sum\u00e9: Murs tagu\u00e9s, automobiles vol\u00e9es, d\u00e9grad\u00e9es, incendi\u00e9es, vols avec violence, drogue&#8230; Coll\u00e9giens rackett\u00e9s, \u00abtournantes\u00bb dans les lyc\u00e9es, conducteurs de bus agress\u00e9s, m\u00e9decins d\u00e9pouill\u00e9s, pompiers \u00abcaillass\u00e9s\u00bb&#8230; Dans la ville, en banlieue, \u00e0 la campagne. Dans la rue, les transports, les commerces, les stades, l&#8217;\u00e9cole, dans certains quartiers sous contr\u00f4le mafieux en \u00e9tat de s\u00e9cession. Partout l&#8217;ins\u00e9curit\u00e9, l&#8217;impunit\u00e9 des auteurs, l&#8217;abandon des victimes, l&#8217;impuissance de&hellip; <\/p>\n","protected":false},"author":3,"featured_media":19535,"comment_status":"open","ping_status":"closed","sticky":false,"template":"","format":"standard","meta":{"footnotes":""},"categories":[109,6,25],"tags":[],"class_list":["post-19534","post","type-post","status-publish","format-standard","has-post-thumbnail","hentry","category-francais","category-livros","category-seguranca-publica-e-defesa"],"views":318,"_links":{"self":[{"href":"https:\/\/www.bibliotecadeseguranca.com.br\/fr\/wp-json\/wp\/v2\/posts\/19534","targetHints":{"allow":["GET"]}}],"collection":[{"href":"https:\/\/www.bibliotecadeseguranca.com.br\/fr\/wp-json\/wp\/v2\/posts"}],"about":[{"href":"https:\/\/www.bibliotecadeseguranca.com.br\/fr\/wp-json\/wp\/v2\/types\/post"}],"author":[{"embeddable":true,"href":"https:\/\/www.bibliotecadeseguranca.com.br\/fr\/wp-json\/wp\/v2\/users\/3"}],"replies":[{"embeddable":true,"href":"https:\/\/www.bibliotecadeseguranca.com.br\/fr\/wp-json\/wp\/v2\/comments?post=19534"}],"version-history":[{"count":1,"href":"https:\/\/www.bibliotecadeseguranca.com.br\/fr\/wp-json\/wp\/v2\/posts\/19534\/revisions"}],"predecessor-version":[{"id":19536,"href":"https:\/\/www.bibliotecadeseguranca.com.br\/fr\/wp-json\/wp\/v2\/posts\/19534\/revisions\/19536"}],"wp:featuredmedia":[{"embeddable":true,"href":"https:\/\/www.bibliotecadeseguranca.com.br\/fr\/wp-json\/wp\/v2\/media\/19535"}],"wp:attachment":[{"href":"https:\/\/www.bibliotecadeseguranca.com.br\/fr\/wp-json\/wp\/v2\/media?parent=19534"}],"wp:term":[{"taxonomy":"category","embeddable":true,"href":"https:\/\/www.bibliotecadeseguranca.com.br\/fr\/wp-json\/wp\/v2\/categories?post=19534"},{"taxonomy":"post_tag","embeddable":true,"href":"https:\/\/www.bibliotecadeseguranca.com.br\/fr\/wp-json\/wp\/v2\/tags?post=19534"}],"curies":[{"name":"wp","href":"https:\/\/api.w.org\/{rel}","templated":true}]}}