{"id":19524,"date":"2024-01-29T14:00:28","date_gmt":"2024-01-29T17:00:28","guid":{"rendered":"https:\/\/www.bibliotecadeseguranca.com.br\/fr\/?p=19524"},"modified":"2024-01-29T13:18:46","modified_gmt":"2024-01-29T16:18:46","slug":"tratado-de-seguranca-publica-e-privada","status":"publish","type":"post","link":"https:\/\/www.bibliotecadeseguranca.com.br\/fr\/livros\/tratado-de-seguranca-publica-e-privada\/","title":{"rendered":"Tratado de Seguran\u00e7a P\u00fablica e Privada"},"content":{"rendered":"<p><span style=\"color: #003366;\"><strong><img loading=\"lazy\" decoding=\"async\" class=\"alignleft size-full wp-image-19525\" src=\"https:\/\/www.bibliotecadeseguranca.com.br\/fr\/wp-content\/uploads\/2024\/01\/tratado-de-seguranca-publica-e-privada.jpg\" alt=\"Tratado de Seguran\u00e7a P\u00fablica e Privada\" width=\"145\" height=\"205\" srcset=\"https:\/\/www.bibliotecadeseguranca.com.br\/fr\/wp-content\/uploads\/2024\/01\/tratado-de-seguranca-publica-e-privada.jpg 145w, https:\/\/www.bibliotecadeseguranca.com.br\/fr\/wp-content\/uploads\/2024\/01\/tratado-de-seguranca-publica-e-privada-106x150.jpg 106w\" sizes=\"auto, (max-width: 145px) 100vw, 145px\" \/>Leandro Miranda Ernesto<\/strong><\/span><\/p>\n<p><span style=\"color: #003366;\"><strong>Maison d&#8217;\u00e9dition Lumen Juris<\/strong><\/span><\/p>\n<p><span style=\"color: #003366;\"><strong>R\u00e9sum\u00e9:<\/strong><\/span> A seguran\u00e7a do povo brasileiro deve ser encarada como projeto de Estado. O presente livro se disp\u00f5e a descortinar o grande e hist\u00f3rico problema da seguran\u00e7a no nosso pa\u00eds. Apresenta, desde sua cria\u00e7\u00e3o, a legisla\u00e7\u00e3o e seus fundamentos, passando pela origem colonial e desaguando num concentrado de remendos imerso dentro da proposta da Constitui\u00e7\u00e3o Cidad\u00e3. Apresenta as t\u00edmidas tentativas de moderniza\u00e7\u00e3o por meio da Pol\u00edtica Nacional de Seguran\u00e7a P\u00fablica, pautadas num projeto ainda t\u00edmido de atua\u00e7\u00e3o Republicana das for\u00e7as Policiais e da seguran\u00e7a privada. Com os objetivos, sistemas e administra\u00e7\u00e3o demonstra que o enforcement nacional (sic), embora bem-intencionado, acaba coadunando com discurso de puni\u00e7\u00e3o severa de criminosos centrada no valor e n\u00e3o no objetivo final, que \u00e9 a apresenta\u00e7\u00e3o de solu\u00e7\u00f5es e conclus\u00f5es realistas e objetivas para a redu\u00e7\u00e3o dos \u00edndices de criminalidade. Esta obra facilita o acesso e deixa transparente a dificuldade de moderniza\u00e7\u00e3o da seguran\u00e7a, sem renunciar ao debate com base nas boas pr\u00e1ticas em outros pa\u00edses e das crises vividas e diariamente sentidas pelas for\u00e7as que atuam imersas nesse emaranhado como base legal de funcionamento. Importante leitura para deixar claro que o sistema de seguran\u00e7a n\u00e3o deve se pautar apenas em in\u00fameros delitos tipificados ou num sem-n\u00famero de normas doutrinantes. Deve sim ter compromisso com a realidade, visando preencher lacunas que a evolu\u00e7\u00e3o do pa\u00eds vai deixando na sua estrutura e no pr\u00f3prio direito. Somente assim conseguir\u00e1 responder \u00e0s exig\u00eancias da popula\u00e7\u00e3o com benef\u00edcios na seguran\u00e7a humana. Fl\u00e1vio Werneck Meneguelli Policial Federal e Advogado Mestre em Criminologia e Especialista em Direito P\u00fablico e Ordem Jur\u00eddica e Minist\u00e9rio P\u00fablico Ex-Presidente do Sindicato dos Policiais Federais no DF e da Federa\u00e7\u00e3o Nacional dos Policiais Federais.<\/p>\n","protected":false},"excerpt":{"rendered":"<p>Leandro Miranda Ernesto Maison d&#8217;\u00e9dition Lumen Juris R\u00e9sum\u00e9: A seguran\u00e7a do povo brasileiro deve ser encarada como projeto de Estado. O presente livro se disp\u00f5e a descortinar o grande e hist\u00f3rico problema da seguran\u00e7a no nosso pa\u00eds. Apresenta, desde sua cria\u00e7\u00e3o, a legisla\u00e7\u00e3o e seus fundamentos, passando pela origem colonial e desaguando num concentrado de remendos imerso dentro da proposta da Constitui\u00e7\u00e3o Cidad\u00e3. Apresenta as t\u00edmidas tentativas de moderniza\u00e7\u00e3o por&hellip; <\/p>\n","protected":false},"author":3,"featured_media":19525,"comment_status":"open","ping_status":"closed","sticky":false,"template":"","format":"standard","meta":{"footnotes":""},"categories":[23,6,25],"tags":[],"class_list":["post-19524","post","type-post","status-publish","format-standard","has-post-thumbnail","hentry","category-gestao-da-seguranca-empresarial","category-livros","category-seguranca-publica-e-defesa"],"views":201,"_links":{"self":[{"href":"https:\/\/www.bibliotecadeseguranca.com.br\/fr\/wp-json\/wp\/v2\/posts\/19524","targetHints":{"allow":["GET"]}}],"collection":[{"href":"https:\/\/www.bibliotecadeseguranca.com.br\/fr\/wp-json\/wp\/v2\/posts"}],"about":[{"href":"https:\/\/www.bibliotecadeseguranca.com.br\/fr\/wp-json\/wp\/v2\/types\/post"}],"author":[{"embeddable":true,"href":"https:\/\/www.bibliotecadeseguranca.com.br\/fr\/wp-json\/wp\/v2\/users\/3"}],"replies":[{"embeddable":true,"href":"https:\/\/www.bibliotecadeseguranca.com.br\/fr\/wp-json\/wp\/v2\/comments?post=19524"}],"version-history":[{"count":1,"href":"https:\/\/www.bibliotecadeseguranca.com.br\/fr\/wp-json\/wp\/v2\/posts\/19524\/revisions"}],"predecessor-version":[{"id":19526,"href":"https:\/\/www.bibliotecadeseguranca.com.br\/fr\/wp-json\/wp\/v2\/posts\/19524\/revisions\/19526"}],"wp:featuredmedia":[{"embeddable":true,"href":"https:\/\/www.bibliotecadeseguranca.com.br\/fr\/wp-json\/wp\/v2\/media\/19525"}],"wp:attachment":[{"href":"https:\/\/www.bibliotecadeseguranca.com.br\/fr\/wp-json\/wp\/v2\/media?parent=19524"}],"wp:term":[{"taxonomy":"category","embeddable":true,"href":"https:\/\/www.bibliotecadeseguranca.com.br\/fr\/wp-json\/wp\/v2\/categories?post=19524"},{"taxonomy":"post_tag","embeddable":true,"href":"https:\/\/www.bibliotecadeseguranca.com.br\/fr\/wp-json\/wp\/v2\/tags?post=19524"}],"curies":[{"name":"wp","href":"https:\/\/api.w.org\/{rel}","templated":true}]}}