{"id":19518,"date":"2024-01-26T14:00:30","date_gmt":"2024-01-26T17:00:30","guid":{"rendered":"https:\/\/www.bibliotecadeseguranca.com.br\/fr\/?p=19518"},"modified":"2024-01-26T13:19:34","modified_gmt":"2024-01-26T16:19:34","slug":"plan-nacional-de-seguridad-publica-y-prevencion-de-la-violencia-y-el-delito","status":"publish","type":"post","link":"https:\/\/www.bibliotecadeseguranca.com.br\/fr\/livros\/plan-nacional-de-seguridad-publica-y-prevencion-de-la-violencia-y-el-delito\/","title":{"rendered":"Plan Nacional de Seguridad P\u00fablica y Prevenci\u00f3n de la Violencia y el Delito"},"content":{"rendered":"<p><span style=\"color: #003366;\"><strong><img loading=\"lazy\" decoding=\"async\" class=\"alignleft size-full wp-image-19519\" src=\"https:\/\/www.bibliotecadeseguranca.com.br\/fr\/wp-content\/uploads\/2024\/01\/plan-nacional-de-seguridad-publica-y-prevencion-de-la-violencia-y-el-delito.jpg\" alt=\"Plan Nacional de Seguridad P\u00fablica y Prevenci\u00f3n de la Violencia y el Delito\" width=\"145\" height=\"205\" srcset=\"https:\/\/www.bibliotecadeseguranca.com.br\/fr\/wp-content\/uploads\/2024\/01\/plan-nacional-de-seguridad-publica-y-prevencion-de-la-violencia-y-el-delito.jpg 145w, https:\/\/www.bibliotecadeseguranca.com.br\/fr\/wp-content\/uploads\/2024\/01\/plan-nacional-de-seguridad-publica-y-prevencion-de-la-violencia-y-el-delito-106x150.jpg 106w\" sizes=\"auto, (max-width: 145px) 100vw, 145px\" \/>Ministerio del Interior y Seguridad P\u00fablica &#8211; Gobierno de Chile<\/strong><\/span><\/p>\n<p><span style=\"color: #003366;\"><strong>R\u00e9sum\u00e9:<\/strong><\/span> Una de las principales demandas e inquietudes de la poblaci\u00f3n es, sin lugar a dudas, la de Seguridad P\u00fablica. La ciudadan\u00eda espera que el Estado pueda garantizar el derecho a vivir en paz, a transitar con tranquilidad en sus barrios y a la protecci\u00f3n adecuada de las personas y sus familias.<br \/>\nEs por ello, tal como lo comprometimos en el Programa de Gobierno de la Presidenta Michelle Bachelet, que hemos asumido este tema como una prioridad y debemos plantearnos nuevas metas que permitan mejorar las tareas de prevenci\u00f3n y reducci\u00f3n del delito.<br \/>\nEl Plan Seguridad para Todos que presentamos es fruto de esta convicci\u00f3n. Es resultado de entender la Seguridad P\u00fablica como un derecho de las personas. En este sentido, la Organizaci\u00f3n de Naciones Unidas ha sostenido que la seguridad es por definici\u00f3n la \u201cprotecci\u00f3n de un n\u00facleo b\u00e1sico de derechos, incluidos el derecho a la vida, el respeto a la integridad f\u00edsica y material de las personas, y su derecho a tener una vida digna\u201d.<br \/>\nEl a\u00f1o 2004, el ex Presidente Ricardo Lagos implement\u00f3 la primera Pol\u00edtica Nacional de Seguridad Ciudadana. Es en este marco, que la construcci\u00f3n del Plan Seguridad para Todos ha recogido m\u00e1s de una d\u00e9cada de aprendizajes en la manera de enfrentar la inseguridad y la delincuencia.<br \/>\nEn estos diez a\u00f1os se han sucedido distintas iniciativas, cada una con nuevos avances y \u00e9nfasis. Pero tambi\u00e9n durante este periodo las din\u00e1micas del delito y la violencia han cambiado, generando nuevos desaf\u00edos a los organismos p\u00fablicos a cargo de la seguridad.<\/p>\n<p><a href=\"https:\/\/www.bibliotecadeseguranca.com.br\/wp-content\/uploads\/2024\/01\/plan-nacional-de-seguridad-publica-y-prevencion-de-la-violencia-y-el-delito.pdf\" target=\"_blank\" rel=\"noopener\"><img loading=\"lazy\" decoding=\"async\" class=\"alignleft wp-image-12143 size-full\" src=\"https:\/\/www.bibliotecadeseguranca.com.br\/fr\/wp-content\/uploads\/2015\/03\/download_fr.gif\" alt=\"T\u00e9l\u00e9charger\" width=\"107\" height=\"25\" \/><\/a><\/p>\n","protected":false},"excerpt":{"rendered":"<p>Ministerio del Interior y Seguridad P\u00fablica &#8211; Gobierno de Chile R\u00e9sum\u00e9: Una de las principales demandas e inquietudes de la poblaci\u00f3n es, sin lugar a dudas, la de Seguridad P\u00fablica. La ciudadan\u00eda espera que el Estado pueda garantizar el derecho a vivir en paz, a transitar con tranquilidad en sus barrios y a la protecci\u00f3n adecuada de las personas y sus familias. Es por ello, tal como lo comprometimos en&hellip; <\/p>\n","protected":false},"author":3,"featured_media":19519,"comment_status":"open","ping_status":"closed","sticky":false,"template":"","format":"standard","meta":{"footnotes":""},"categories":[81,6,25,112],"tags":[],"class_list":["post-19518","post","type-post","status-publish","format-standard","has-post-thumbnail","hentry","category-espanol","category-livros","category-seguranca-publica-e-defesa","category-download"],"views":443,"_links":{"self":[{"href":"https:\/\/www.bibliotecadeseguranca.com.br\/fr\/wp-json\/wp\/v2\/posts\/19518","targetHints":{"allow":["GET"]}}],"collection":[{"href":"https:\/\/www.bibliotecadeseguranca.com.br\/fr\/wp-json\/wp\/v2\/posts"}],"about":[{"href":"https:\/\/www.bibliotecadeseguranca.com.br\/fr\/wp-json\/wp\/v2\/types\/post"}],"author":[{"embeddable":true,"href":"https:\/\/www.bibliotecadeseguranca.com.br\/fr\/wp-json\/wp\/v2\/users\/3"}],"replies":[{"embeddable":true,"href":"https:\/\/www.bibliotecadeseguranca.com.br\/fr\/wp-json\/wp\/v2\/comments?post=19518"}],"version-history":[{"count":1,"href":"https:\/\/www.bibliotecadeseguranca.com.br\/fr\/wp-json\/wp\/v2\/posts\/19518\/revisions"}],"predecessor-version":[{"id":19520,"href":"https:\/\/www.bibliotecadeseguranca.com.br\/fr\/wp-json\/wp\/v2\/posts\/19518\/revisions\/19520"}],"wp:featuredmedia":[{"embeddable":true,"href":"https:\/\/www.bibliotecadeseguranca.com.br\/fr\/wp-json\/wp\/v2\/media\/19519"}],"wp:attachment":[{"href":"https:\/\/www.bibliotecadeseguranca.com.br\/fr\/wp-json\/wp\/v2\/media?parent=19518"}],"wp:term":[{"taxonomy":"category","embeddable":true,"href":"https:\/\/www.bibliotecadeseguranca.com.br\/fr\/wp-json\/wp\/v2\/categories?post=19518"},{"taxonomy":"post_tag","embeddable":true,"href":"https:\/\/www.bibliotecadeseguranca.com.br\/fr\/wp-json\/wp\/v2\/tags?post=19518"}],"curies":[{"name":"wp","href":"https:\/\/api.w.org\/{rel}","templated":true}]}}