{"id":19469,"date":"2024-01-03T14:00:41","date_gmt":"2024-01-03T17:00:41","guid":{"rendered":"https:\/\/www.bibliotecadeseguranca.com.br\/fr\/?p=19469"},"modified":"2024-01-03T13:26:51","modified_gmt":"2024-01-03T16:26:51","slug":"seguranca-publica-no-brasil","status":"publish","type":"post","link":"https:\/\/www.bibliotecadeseguranca.com.br\/fr\/livros\/seguranca-publica-no-brasil\/","title":{"rendered":"Seguran\u00e7a P\u00fablica no Brasil"},"content":{"rendered":"<p><span style=\"color: #003366;\"><strong><img loading=\"lazy\" decoding=\"async\" class=\"alignleft size-full wp-image-19470\" src=\"https:\/\/www.bibliotecadeseguranca.com.br\/fr\/wp-content\/uploads\/2024\/01\/seguranca-publica-no-brasil.jpg\" alt=\"Seguran\u00e7a P\u00fablica no Brasil\" width=\"145\" height=\"200\" srcset=\"https:\/\/www.bibliotecadeseguranca.com.br\/fr\/wp-content\/uploads\/2024\/01\/seguranca-publica-no-brasil.jpg 145w, https:\/\/www.bibliotecadeseguranca.com.br\/fr\/wp-content\/uploads\/2024\/01\/seguranca-publica-no-brasil-109x150.jpg 109w\" sizes=\"auto, (max-width: 145px) 100vw, 145px\" \/>Ivone Freire Costa, Ricardo Brisolla Balestreri<\/strong><\/span><\/p>\n<p><span style=\"color: #003366;\"><strong>Maison d&#8217;\u00e9dition EDUFBA<\/strong><\/span><\/p>\n<p><span style=\"color: #003366;\"><strong>R\u00e9sum\u00e9:<\/strong><\/span> A tem\u00e1tica da gest\u00e3o da seguran\u00e7a constitui um campo de desafios e remete, inicialmente, ao aspecto da constru\u00e7\u00e3o social desse problema das viol\u00eancias e sua problematizar\u00e3o sociol\u00f3gica. O livro se prop\u00f5e a realizar uma reflex\u00e3o sobre o campo do conhecimento da gest\u00e3o da seguran\u00e7a p\u00fablica, sob diversas \u00f3ticas, agregando-se evid\u00eancias emp\u00edricas e te\u00f3ricas obtidas atrav\u00e9s da complementa\u00e7\u00e3o de dados de pesquisas cient\u00edficas e de um quadro tra\u00e7ado com as vis\u00f5es de pesquisadores do campo especialmente convidados.<\/p>\n","protected":false},"excerpt":{"rendered":"<p>Ivone Freire Costa, Ricardo Brisolla Balestreri Maison d&#8217;\u00e9dition EDUFBA R\u00e9sum\u00e9: A tem\u00e1tica da gest\u00e3o da seguran\u00e7a constitui um campo de desafios e remete, inicialmente, ao aspecto da constru\u00e7\u00e3o social desse problema das viol\u00eancias e sua problematizar\u00e3o sociol\u00f3gica. O livro se prop\u00f5e a realizar uma reflex\u00e3o sobre o campo do conhecimento da gest\u00e3o da seguran\u00e7a p\u00fablica, sob diversas \u00f3ticas, agregando-se evid\u00eancias emp\u00edricas e te\u00f3ricas obtidas atrav\u00e9s da complementa\u00e7\u00e3o de dados de&hellip; <\/p>\n","protected":false},"author":3,"featured_media":19470,"comment_status":"open","ping_status":"closed","sticky":false,"template":"","format":"standard","meta":{"footnotes":""},"categories":[6,25],"tags":[],"class_list":["post-19469","post","type-post","status-publish","format-standard","has-post-thumbnail","hentry","category-livros","category-seguranca-publica-e-defesa"],"views":135,"_links":{"self":[{"href":"https:\/\/www.bibliotecadeseguranca.com.br\/fr\/wp-json\/wp\/v2\/posts\/19469","targetHints":{"allow":["GET"]}}],"collection":[{"href":"https:\/\/www.bibliotecadeseguranca.com.br\/fr\/wp-json\/wp\/v2\/posts"}],"about":[{"href":"https:\/\/www.bibliotecadeseguranca.com.br\/fr\/wp-json\/wp\/v2\/types\/post"}],"author":[{"embeddable":true,"href":"https:\/\/www.bibliotecadeseguranca.com.br\/fr\/wp-json\/wp\/v2\/users\/3"}],"replies":[{"embeddable":true,"href":"https:\/\/www.bibliotecadeseguranca.com.br\/fr\/wp-json\/wp\/v2\/comments?post=19469"}],"version-history":[{"count":1,"href":"https:\/\/www.bibliotecadeseguranca.com.br\/fr\/wp-json\/wp\/v2\/posts\/19469\/revisions"}],"predecessor-version":[{"id":19471,"href":"https:\/\/www.bibliotecadeseguranca.com.br\/fr\/wp-json\/wp\/v2\/posts\/19469\/revisions\/19471"}],"wp:featuredmedia":[{"embeddable":true,"href":"https:\/\/www.bibliotecadeseguranca.com.br\/fr\/wp-json\/wp\/v2\/media\/19470"}],"wp:attachment":[{"href":"https:\/\/www.bibliotecadeseguranca.com.br\/fr\/wp-json\/wp\/v2\/media?parent=19469"}],"wp:term":[{"taxonomy":"category","embeddable":true,"href":"https:\/\/www.bibliotecadeseguranca.com.br\/fr\/wp-json\/wp\/v2\/categories?post=19469"},{"taxonomy":"post_tag","embeddable":true,"href":"https:\/\/www.bibliotecadeseguranca.com.br\/fr\/wp-json\/wp\/v2\/tags?post=19469"}],"curies":[{"name":"wp","href":"https:\/\/api.w.org\/{rel}","templated":true}]}}