{"id":19427,"date":"2023-12-08T14:00:01","date_gmt":"2023-12-08T17:00:01","guid":{"rendered":"https:\/\/www.bibliotecadeseguranca.com.br\/fr\/?p=19427"},"modified":"2023-12-08T13:27:08","modified_gmt":"2023-12-08T16:27:08","slug":"evaluer-laction-de-securite-publique","status":"publish","type":"post","link":"https:\/\/www.bibliotecadeseguranca.com.br\/fr\/livros\/evaluer-laction-de-securite-publique\/","title":{"rendered":"\u00c9valuer l\u2019action de S\u00e9curit\u00e9 Publique"},"content":{"rendered":"<p><span style=\"color: #003366;\"><strong><img loading=\"lazy\" decoding=\"async\" class=\"alignleft size-full wp-image-19428\" src=\"https:\/\/www.bibliotecadeseguranca.com.br\/fr\/wp-content\/uploads\/2023\/12\/evaluer-laction-de-securite-publique.jpg\" alt=\"\u00c9valuer l\u2019action de S\u00e9curit\u00e9 Publique\" width=\"145\" height=\"205\" srcset=\"https:\/\/www.bibliotecadeseguranca.com.br\/fr\/wp-content\/uploads\/2023\/12\/evaluer-laction-de-securite-publique.jpg 145w, https:\/\/www.bibliotecadeseguranca.com.br\/fr\/wp-content\/uploads\/2023\/12\/evaluer-laction-de-securite-publique-106x150.jpg 106w\" sizes=\"auto, (max-width: 145px) 100vw, 145px\" \/>Thierry Delpeuch, Anne Wuilleumier<\/strong><\/span><\/p>\n<p><span style=\"color: #003366;\"><strong>Minist\u00e8re de l\u2019Int\u00e9rieur \u2013 R\u00e9publique Fran\u00e7aise<\/strong><\/span><\/p>\n<p><span style=\"color: #003366;\"><strong>R\u00e9sum\u00e9:<\/strong><\/span> On peut voir l\u2019\u00e9valuation des politiques publiques comme un programme scientifique, ce qu\u2019elle est. Mais on peut la voir aussi comme une technologie de gouvernement dont le d\u00e9veloppement est souhaitable, ce qu\u2019elle est devenue. La question centrale alors tend \u00e0 se d\u00e9placer. Elle est moins celle du pourquoi \u00e9valuer, qui dans les d\u00e9mocraties parlementaires est devenu un objectif consensuel, que du comment \u00e9valuer. Forts de ce constat, nous avons voulu construire dans le cadre du projet ACESS (Am\u00e9liorer les capacit\u00e9s \u00e9valuatives dans les services de s\u00e9curit\u00e9, octobre 2017-mars 2018) un \u00ab manuel d\u2019\u00e9valuation de l\u2019action de s\u00e9curit\u00e9 publique pour la police et la gendarmerie \u00bb qui puisse permettre aux services de mieux appr\u00e9hender leur action du point de vue de la population. Cet ouvrage se compose de deux parties. La premi\u00e8re partie pr\u00e9sente le manuel d\u2019\u00e9valuation de l\u2019action de s\u00e9curit\u00e9 publique que nous avons con\u00e7u ; la seconde se consacre \u00e0 l\u2019expos\u00e9 de son making-of : elle relate la d\u00e9marche de projet qui a sous-tendu sa confection et pr\u00e9sente une s\u00e9rie de recommandations susceptibles d\u2019aider \u00e0 renforcer la culture de l\u2019\u00e9valuation dans les services de police et de gendarmerie.<\/p>\n<p><a href=\"https:\/\/www.bibliotecadeseguranca.com.br\/wp-content\/uploads\/2023\/12\/evaluer-laction-de-securite-publique.pdf\" target=\"_blank\" rel=\"noopener\"><img loading=\"lazy\" decoding=\"async\" class=\"alignleft wp-image-12143 size-full\" src=\"https:\/\/www.bibliotecadeseguranca.com.br\/fr\/wp-content\/uploads\/2015\/03\/download_fr.gif\" alt=\"T\u00e9l\u00e9charger\" width=\"107\" height=\"25\" \/><\/a><\/p>\n","protected":false},"excerpt":{"rendered":"<p>Thierry Delpeuch, Anne Wuilleumier Minist\u00e8re de l\u2019Int\u00e9rieur \u2013 R\u00e9publique Fran\u00e7aise R\u00e9sum\u00e9: On peut voir l\u2019\u00e9valuation des politiques publiques comme un programme scientifique, ce qu\u2019elle est. Mais on peut la voir aussi comme une technologie de gouvernement dont le d\u00e9veloppement est souhaitable, ce qu\u2019elle est devenue. La question centrale alors tend \u00e0 se d\u00e9placer. Elle est moins celle du pourquoi \u00e9valuer, qui dans les d\u00e9mocraties parlementaires est devenu un objectif consensuel,&hellip; <\/p>\n","protected":false},"author":3,"featured_media":19428,"comment_status":"open","ping_status":"closed","sticky":false,"template":"","format":"standard","meta":{"footnotes":""},"categories":[109,6,25,112],"tags":[],"class_list":["post-19427","post","type-post","status-publish","format-standard","has-post-thumbnail","hentry","category-francais","category-livros","category-seguranca-publica-e-defesa","category-download"],"views":195,"_links":{"self":[{"href":"https:\/\/www.bibliotecadeseguranca.com.br\/fr\/wp-json\/wp\/v2\/posts\/19427","targetHints":{"allow":["GET"]}}],"collection":[{"href":"https:\/\/www.bibliotecadeseguranca.com.br\/fr\/wp-json\/wp\/v2\/posts"}],"about":[{"href":"https:\/\/www.bibliotecadeseguranca.com.br\/fr\/wp-json\/wp\/v2\/types\/post"}],"author":[{"embeddable":true,"href":"https:\/\/www.bibliotecadeseguranca.com.br\/fr\/wp-json\/wp\/v2\/users\/3"}],"replies":[{"embeddable":true,"href":"https:\/\/www.bibliotecadeseguranca.com.br\/fr\/wp-json\/wp\/v2\/comments?post=19427"}],"version-history":[{"count":1,"href":"https:\/\/www.bibliotecadeseguranca.com.br\/fr\/wp-json\/wp\/v2\/posts\/19427\/revisions"}],"predecessor-version":[{"id":19429,"href":"https:\/\/www.bibliotecadeseguranca.com.br\/fr\/wp-json\/wp\/v2\/posts\/19427\/revisions\/19429"}],"wp:featuredmedia":[{"embeddable":true,"href":"https:\/\/www.bibliotecadeseguranca.com.br\/fr\/wp-json\/wp\/v2\/media\/19428"}],"wp:attachment":[{"href":"https:\/\/www.bibliotecadeseguranca.com.br\/fr\/wp-json\/wp\/v2\/media?parent=19427"}],"wp:term":[{"taxonomy":"category","embeddable":true,"href":"https:\/\/www.bibliotecadeseguranca.com.br\/fr\/wp-json\/wp\/v2\/categories?post=19427"},{"taxonomy":"post_tag","embeddable":true,"href":"https:\/\/www.bibliotecadeseguranca.com.br\/fr\/wp-json\/wp\/v2\/tags?post=19427"}],"curies":[{"name":"wp","href":"https:\/\/api.w.org\/{rel}","templated":true}]}}