{"id":19424,"date":"2023-12-07T14:00:23","date_gmt":"2023-12-07T17:00:23","guid":{"rendered":"https:\/\/www.bibliotecadeseguranca.com.br\/fr\/?p=19424"},"modified":"2023-12-07T13:32:25","modified_gmt":"2023-12-07T16:32:25","slug":"pasos-practicos-para-la-implementacion-de-un-sistema-de-gestion-en-privacidad-de-la-informacion","status":"publish","type":"post","link":"https:\/\/www.bibliotecadeseguranca.com.br\/fr\/livros\/pasos-practicos-para-la-implementacion-de-un-sistema-de-gestion-en-privacidad-de-la-informacion\/","title":{"rendered":"Pasos Pr\u00e1cticos para la Implementaci\u00f3n de un Sistema de Gesti\u00f3n en Privacidad de la Informaci\u00f3n"},"content":{"rendered":"<p><span style=\"color: #003366;\"><strong><img loading=\"lazy\" decoding=\"async\" class=\"alignleft size-full wp-image-19425\" src=\"https:\/\/www.bibliotecadeseguranca.com.br\/fr\/wp-content\/uploads\/2023\/12\/pasos-practicos-para-la-implementacion-de-un-sistema-de-gestion-en-privacidad-de-la-informacion.jpg\" alt=\"Pasos Pr\u00e1cticos para la Implementaci\u00f3n de un Sistema de Gesti\u00f3n en Privacidad de la Informaci\u00f3n\" width=\"145\" height=\"205\" srcset=\"https:\/\/www.bibliotecadeseguranca.com.br\/fr\/wp-content\/uploads\/2023\/12\/pasos-practicos-para-la-implementacion-de-un-sistema-de-gestion-en-privacidad-de-la-informacion.jpg 145w, https:\/\/www.bibliotecadeseguranca.com.br\/fr\/wp-content\/uploads\/2023\/12\/pasos-practicos-para-la-implementacion-de-un-sistema-de-gestion-en-privacidad-de-la-informacion-106x150.jpg 106w\" sizes=\"auto, (max-width: 145px) 100vw, 145px\" \/>Gobierno de Canarias<\/strong><\/span><\/p>\n<p><span style=\"color: #003366;\"><strong>R\u00e9sum\u00e9:<\/strong><\/span> La Confederaci\u00f3n Canaria de Empresarios, como organizaci\u00f3n empresarial m\u00e1s representativa que ostenta la representaci\u00f3n institucional de los empresarios ante las Administraciones P\u00fablicas y organismos en el \u00e1mbito territorial de Canarias, al amparo de lo dispuesto en el p\u00e1rrafo primero de la Disposici\u00f3n adicional sexta del Real Decreto Legislativo 2\/2015, de 23 de octubre, por el que se aprueba el texto refundido de la Ley del Estatuto de<br \/>\nlos Trabajadores y la Ley 10\/2014, de 18 de diciembre, de participaci\u00f3n institucional de las organizaciones sindicales y empresariales m\u00e1s representativas de Canarias; seg\u00fan el criterio constitucional de irradiaci\u00f3n por la pertenencia a las Confederaciones nacionales CEOE y CEPYME, as\u00ed como por el reconocimiento asumido por el Gobierno de Canarias, de m\u00e1s representativa y de participaci\u00f3n institucional, en el Acuerdo de la VI Mesa de Concertaci\u00f3n Social Canaria (firmada el 25 de enero de 2018), y sobre la base del reconocimiento expreso de la Direcci\u00f3n General de Trabajo del Gobierno de Canarias, por informe escrito de fecha 5 de abril de 2016 y en el art\u00edculo 23.4 de la Ley Org\u00e1nica 1\/2018, de 5 de noviembre, de reforma del Estatuto de Autonom\u00eda de Canarias, tiene como objetivo prioritario la defensa de los intereses empresariales de car\u00e1cter general y la prestaci\u00f3n de servicios a todoslossectores de actividad.<br \/>\nLa Confederaci\u00f3n Canaria de Empresarios es una organizaci\u00f3n empresarial sin \u00e1nimo de lucro, constituida el 12 de junio de 1978 al amparo de la Ley 19\/1977, reguladora del Derecho de Asociaci\u00f3n Sindical,con m\u00e1s de 40 a\u00f1os de antig\u00fcedad, bas\u00e1ndose en un esquema de base sectorial y territorial, ha alcanzado, un alto grado de consolidaci\u00f3n, notoriedad, reconocimiento, desarrollo y representatividad empresarial. Representa los intereses generales y comunes de las empresas sin distinci\u00f3n de tama\u00f1o, sector de actividad o ubicaci\u00f3n, a trav\u00e9s de un sistema \u00fanico de integraci\u00f3n asociativa, de unidad de acci\u00f3n empresarial y de no atomizaci\u00f3n de representaciones empresariales.<br \/>\nEn este sentido, para poder desarrollar este acompa\u00f1amiento al empresario canario, la Confederaci\u00f3n Canaria de Empresarios, adem\u00e1s de desempe\u00f1ar su papel de m\u00e1ximo interlocutor social en los debates de transcendencia econ\u00f3mica, respetado y valorado por todos los estamentos p\u00fablicos, asume desde hace m\u00e1s de 20 a\u00f1os la prestaci\u00f3n de unaserie de servicios: Servicio Integral de Empleo para la creaci\u00f3n de empresas y la orientaci\u00f3n e inserci\u00f3n laboral, acciones de formaci\u00f3n, as\u00ed como actuaciones en materia de prevenci\u00f3n de riesgoslaborales, que funcionan de forma coordinada y cooperantes entre s\u00ed,con el fin\u00faltimo de prestar un servicio integral, activo y flexible que permita mejorar, tanto cuantitativa como cualitativamente, la situaci\u00f3n del mercado laboral.<\/p>\n<p><a href=\"https:\/\/www.bibliotecadeseguranca.com.br\/wp-content\/uploads\/2023\/12\/pasos-practicos-para-la-implementacion-de-un-sistema-de-gestion-en-privacidad-de-la-informacion.pdf\" target=\"_blank\" rel=\"noopener\"><img loading=\"lazy\" decoding=\"async\" class=\"alignleft wp-image-12143 size-full\" src=\"https:\/\/www.bibliotecadeseguranca.com.br\/fr\/wp-content\/uploads\/2015\/03\/download_fr.gif\" alt=\"T\u00e9l\u00e9charger\" width=\"107\" height=\"25\" \/><\/a><\/p>\n","protected":false},"excerpt":{"rendered":"<p>Gobierno de Canarias R\u00e9sum\u00e9: La Confederaci\u00f3n Canaria de Empresarios, como organizaci\u00f3n empresarial m\u00e1s representativa que ostenta la representaci\u00f3n institucional de los empresarios ante las Administraciones P\u00fablicas y organismos en el \u00e1mbito territorial de Canarias, al amparo de lo dispuesto en el p\u00e1rrafo primero de la Disposici\u00f3n adicional sexta del Real Decreto Legislativo 2\/2015, de 23 de octubre, por el que se aprueba el texto refundido de la Ley del Estatuto&hellip; <\/p>\n","protected":false},"author":3,"featured_media":19425,"comment_status":"open","ping_status":"closed","sticky":false,"template":"","format":"standard","meta":{"footnotes":""},"categories":[81,6,20,112],"tags":[],"class_list":["post-19424","post","type-post","status-publish","format-standard","has-post-thumbnail","hentry","category-espanol","category-livros","category-seguranca-da-informacao","category-download"],"views":152,"_links":{"self":[{"href":"https:\/\/www.bibliotecadeseguranca.com.br\/fr\/wp-json\/wp\/v2\/posts\/19424","targetHints":{"allow":["GET"]}}],"collection":[{"href":"https:\/\/www.bibliotecadeseguranca.com.br\/fr\/wp-json\/wp\/v2\/posts"}],"about":[{"href":"https:\/\/www.bibliotecadeseguranca.com.br\/fr\/wp-json\/wp\/v2\/types\/post"}],"author":[{"embeddable":true,"href":"https:\/\/www.bibliotecadeseguranca.com.br\/fr\/wp-json\/wp\/v2\/users\/3"}],"replies":[{"embeddable":true,"href":"https:\/\/www.bibliotecadeseguranca.com.br\/fr\/wp-json\/wp\/v2\/comments?post=19424"}],"version-history":[{"count":1,"href":"https:\/\/www.bibliotecadeseguranca.com.br\/fr\/wp-json\/wp\/v2\/posts\/19424\/revisions"}],"predecessor-version":[{"id":19426,"href":"https:\/\/www.bibliotecadeseguranca.com.br\/fr\/wp-json\/wp\/v2\/posts\/19424\/revisions\/19426"}],"wp:featuredmedia":[{"embeddable":true,"href":"https:\/\/www.bibliotecadeseguranca.com.br\/fr\/wp-json\/wp\/v2\/media\/19425"}],"wp:attachment":[{"href":"https:\/\/www.bibliotecadeseguranca.com.br\/fr\/wp-json\/wp\/v2\/media?parent=19424"}],"wp:term":[{"taxonomy":"category","embeddable":true,"href":"https:\/\/www.bibliotecadeseguranca.com.br\/fr\/wp-json\/wp\/v2\/categories?post=19424"},{"taxonomy":"post_tag","embeddable":true,"href":"https:\/\/www.bibliotecadeseguranca.com.br\/fr\/wp-json\/wp\/v2\/tags?post=19424"}],"curies":[{"name":"wp","href":"https:\/\/api.w.org\/{rel}","templated":true}]}}