{"id":19395,"date":"2023-11-24T14:00:49","date_gmt":"2023-11-24T17:00:49","guid":{"rendered":"https:\/\/www.bibliotecadeseguranca.com.br\/fr\/?p=19395"},"modified":"2023-11-24T13:25:16","modified_gmt":"2023-11-24T16:25:16","slug":"politique-de-securite-urbaine","status":"publish","type":"post","link":"https:\/\/www.bibliotecadeseguranca.com.br\/fr\/livros\/politique-de-securite-urbaine\/","title":{"rendered":"Politique de S\u00e9curit\u00e9 Urbaine"},"content":{"rendered":"<p><span style=\"color: #003366;\"><strong><img loading=\"lazy\" decoding=\"async\" class=\"alignleft size-full wp-image-19396\" src=\"https:\/\/www.bibliotecadeseguranca.com.br\/fr\/wp-content\/uploads\/2023\/11\/politique-de-securite-urbaine.jpg\" alt=\"Politique de S\u00e9curit\u00e9 Urbaine\" width=\"145\" height=\"205\" srcset=\"https:\/\/www.bibliotecadeseguranca.com.br\/fr\/wp-content\/uploads\/2023\/11\/politique-de-securite-urbaine.jpg 145w, https:\/\/www.bibliotecadeseguranca.com.br\/fr\/wp-content\/uploads\/2023\/11\/politique-de-securite-urbaine-106x150.jpg 106w\" sizes=\"auto, (max-width: 145px) 100vw, 145px\" \/>Ville de Qu\u00e9bec<\/strong><\/span><\/p>\n<p><span style=\"color: #003366;\"><strong>R\u00e9sum\u00e9:<\/strong><\/span> La Politique de s\u00e9curit\u00e9 urbaine r\u00e9sulte des travaux de la Commission consultative sur la s\u00e9curit\u00e9 urbaine de la Ville de Qu\u00e9bec ainsi que de la r\u00e9flexion des autorit\u00e9s municipales au sujet de la qualit\u00e9 de vie et de la s\u00e9curit\u00e9.<br \/>\nElle a \u00e9t\u00e9 \u00e9labor\u00e9e dans la perspective que la contribution de la population est essentielle au processus d\u2019am\u00e9lioration et de maintien de la s\u00e9curit\u00e9 ainsi qu&#8217;au sentiment de s\u00e9curit\u00e9 collectif. La Politique propose des actions compl\u00e9mentaires aux interventions de la Ville dans le domaine de la pr\u00e9vention en favorisant l\u2019action communautaire en mati\u00e8re de s\u00e9curit\u00e9 publique.<br \/>\nCe document s\u2019inspire d\u2019une politique qui a d\u00e9j\u00e0 fait l\u2019objet d\u2019une vaste consultation men\u00e9e par la Commission consultative sur la s\u00e9curit\u00e9 publique et qui avait \u00e9t\u00e9 adopt\u00e9e par le conseil municipal de l&#8217;ancienne Ville de Qu\u00e9bec, en septembre 2001.<br \/>\nLa cr\u00e9ation de la nouvelle ville, en janvier 2002, imposait de nouvelles r\u00e9alit\u00e9s municipales.<br \/>\nLe conseil municipal a alors mandat\u00e9 la Commission consultative sur la s\u00e9curit\u00e9 urbaine pour mener des consultations publiques permettant de doter la Ville de Qu\u00e9bec d&#8217;une politique de s\u00e9curit\u00e9 urbaine coh\u00e9rente et pertinente. Son \u00e9laboration a ainsi donn\u00e9 lieu \u00e0 sept soir\u00e9es d&#8217;\u00e9changes tenues dans les arrondissements ainsi qu&#8217;\u00e0 la pr\u00e9sentation de m\u00e9moires sur les enjeux relatifs \u00e0 cette d\u00e9marche. \u00c0 la suite de la consultation publique, le projet de politique a \u00e9t\u00e9 bonifi\u00e9 en consid\u00e9rant les interventions des personnes qui se sont exprim\u00e9es, le contenu des m\u00e9moires et les recommandations formul\u00e9es par la Commission. La Politique de s\u00e9curit\u00e9 urbaine a \u00e9t\u00e9 adopt\u00e9e en novembre 2003.<\/p>\n<p><a href=\"https:\/\/www.bibliotecadeseguranca.com.br\/wp-content\/uploads\/2023\/11\/politique-de-securite-urbaine.pdf\" target=\"_blank\" rel=\"noopener\"><img loading=\"lazy\" decoding=\"async\" class=\"alignleft wp-image-12143 size-full\" src=\"https:\/\/www.bibliotecadeseguranca.com.br\/fr\/wp-content\/uploads\/2015\/03\/download_fr.gif\" alt=\"T\u00e9l\u00e9charger\" width=\"107\" height=\"25\" \/><\/a><\/p>\n","protected":false},"excerpt":{"rendered":"<p>Ville de Qu\u00e9bec R\u00e9sum\u00e9: La Politique de s\u00e9curit\u00e9 urbaine r\u00e9sulte des travaux de la Commission consultative sur la s\u00e9curit\u00e9 urbaine de la Ville de Qu\u00e9bec ainsi que de la r\u00e9flexion des autorit\u00e9s municipales au sujet de la qualit\u00e9 de vie et de la s\u00e9curit\u00e9. Elle a \u00e9t\u00e9 \u00e9labor\u00e9e dans la perspective que la contribution de la population est essentielle au processus d\u2019am\u00e9lioration et de maintien de la s\u00e9curit\u00e9 ainsi qu&#8217;au&hellip; <\/p>\n","protected":false},"author":3,"featured_media":19396,"comment_status":"open","ping_status":"closed","sticky":false,"template":"","format":"standard","meta":{"footnotes":""},"categories":[109,6,25,112],"tags":[],"class_list":["post-19395","post","type-post","status-publish","format-standard","has-post-thumbnail","hentry","category-francais","category-livros","category-seguranca-publica-e-defesa","category-download"],"views":163,"_links":{"self":[{"href":"https:\/\/www.bibliotecadeseguranca.com.br\/fr\/wp-json\/wp\/v2\/posts\/19395","targetHints":{"allow":["GET"]}}],"collection":[{"href":"https:\/\/www.bibliotecadeseguranca.com.br\/fr\/wp-json\/wp\/v2\/posts"}],"about":[{"href":"https:\/\/www.bibliotecadeseguranca.com.br\/fr\/wp-json\/wp\/v2\/types\/post"}],"author":[{"embeddable":true,"href":"https:\/\/www.bibliotecadeseguranca.com.br\/fr\/wp-json\/wp\/v2\/users\/3"}],"replies":[{"embeddable":true,"href":"https:\/\/www.bibliotecadeseguranca.com.br\/fr\/wp-json\/wp\/v2\/comments?post=19395"}],"version-history":[{"count":1,"href":"https:\/\/www.bibliotecadeseguranca.com.br\/fr\/wp-json\/wp\/v2\/posts\/19395\/revisions"}],"predecessor-version":[{"id":19397,"href":"https:\/\/www.bibliotecadeseguranca.com.br\/fr\/wp-json\/wp\/v2\/posts\/19395\/revisions\/19397"}],"wp:featuredmedia":[{"embeddable":true,"href":"https:\/\/www.bibliotecadeseguranca.com.br\/fr\/wp-json\/wp\/v2\/media\/19396"}],"wp:attachment":[{"href":"https:\/\/www.bibliotecadeseguranca.com.br\/fr\/wp-json\/wp\/v2\/media?parent=19395"}],"wp:term":[{"taxonomy":"category","embeddable":true,"href":"https:\/\/www.bibliotecadeseguranca.com.br\/fr\/wp-json\/wp\/v2\/categories?post=19395"},{"taxonomy":"post_tag","embeddable":true,"href":"https:\/\/www.bibliotecadeseguranca.com.br\/fr\/wp-json\/wp\/v2\/tags?post=19395"}],"curies":[{"name":"wp","href":"https:\/\/api.w.org\/{rel}","templated":true}]}}