{"id":19379,"date":"2023-11-17T14:00:36","date_gmt":"2023-11-17T17:00:36","guid":{"rendered":"https:\/\/www.bibliotecadeseguranca.com.br\/fr\/?p=19379"},"modified":"2023-11-17T13:16:47","modified_gmt":"2023-11-17T16:16:47","slug":"securite-insecurite","status":"publish","type":"post","link":"https:\/\/www.bibliotecadeseguranca.com.br\/fr\/livros\/securite-insecurite\/","title":{"rendered":"S\u00e9curit\u00e9, Ins\u00e9curit\u00e9"},"content":{"rendered":"<p><span style=\"color: #003366;\"><strong><img loading=\"lazy\" decoding=\"async\" class=\"alignleft size-full wp-image-19380\" src=\"https:\/\/www.bibliotecadeseguranca.com.br\/fr\/wp-content\/uploads\/2023\/11\/securite-insecurite.jpg\" alt=\"S\u00e9curit\u00e9, Ins\u00e9curit\u00e9\" width=\"145\" height=\"219\" srcset=\"https:\/\/www.bibliotecadeseguranca.com.br\/fr\/wp-content\/uploads\/2023\/11\/securite-insecurite.jpg 145w, https:\/\/www.bibliotecadeseguranca.com.br\/fr\/wp-content\/uploads\/2023\/11\/securite-insecurite-99x150.jpg 99w\" sizes=\"auto, (max-width: 145px) 100vw, 145px\" \/>Pierre Garcin<\/strong><\/span><\/p>\n<p><span style=\"color: #003366;\"><strong>Maison d&#8217;\u00e9dition Armand Colin<\/strong><\/span><\/p>\n<p><span style=\"color: #003366;\"><strong>R\u00e9sum\u00e9:<\/strong><\/span> Les questions de s\u00e9curit\u00e9 et de justice constituent des enjeux essentiels pour toute soci\u00e9t\u00e9. Dans le contexte contemporain, marqu\u00e9 par divers ph\u00e9nom\u00e8nes (h\u00e9t\u00e9rog\u00e9n\u00e9it\u00e9 sociale croissante, forte pression d\u00e9linquante, menace terroriste, fragilit\u00e9 propre \u00e0 un monde hyper-technicis\u00e9&#8230;), ces questions occupent le devant de la sc\u00e8ne, et les citoyens attendent de l&#8217;\u00c9tat qu&#8217;il traite leurs inqui\u00e9tudes, souvent exacerb\u00e9es, tout en pr\u00e9servant scrupuleusement le cadre d\u00e9mocratique.<br \/>\nPas de solutions envisageables sans prise en compte de la complexit\u00e9 des situations et de la n\u00e9cessit\u00e9 de faire preuve de souplesse autant que de r\u00e9solution. Les politiques publiques, autant que les strat\u00e9gies mises en oeuvre par les acteurs, doivent constamment \u00e9voluer. L&#8217;Europe constitue en outre le nouveau champ de r\u00e9f\u00e9rence.<br \/>\nAlors, comment s&#8217;y retrouver ? Peut-on avoir une vision globale des ph\u00e9nom\u00e8nes de s\u00e9curit\u00e9 et d&#8217;ins\u00e9curit\u00e9 ? \u00c0 ce qui para\u00eet \u00eatre une gageure, le pr\u00e9sent ouvrage apporte une r\u00e9ponse positive. L&#8217;auteur, \u00e0 la fois homme de terrain et partie prenante de la r\u00e9flexion prospective, parvient \u00e0 dresser un bilan large et quasi exhaustif des enjeux de s\u00e9curit\u00e9 et d&#8217;ins\u00e9curit\u00e9, des politiques publiques, des strat\u00e9gies, des jeux d&#8217;acteurs institutionnels ou priv\u00e9s et des d\u00e9bats qui concernent la d\u00e9linquance, le terrorisme ou l&#8217;Europe.<br \/>\nSurtout, il ouvre la voie d&#8217;une d\u00e9marche strat\u00e9gique coh\u00e9rente, dont la d\u00e9finition est d\u00e9sormais un imp\u00e9ratif majeur : la s\u00e9curit\u00e9 ne peut plus se r\u00e9fl\u00e9chir de fa\u00e7on \u00e9clat\u00e9e, mais doit s&#8217;appuyer sur une r\u00e9flexion globale et en m\u00eame temps r\u00e9solument op\u00e9rationnelle.<br \/>\nCet ouvrage constituera une r\u00e9f\u00e9rence, un outil de travail et un support de r\u00e9flexion pour tous ceux que les questions de s\u00e9curit\u00e9 pr\u00e9occupent ou int\u00e9ressent : professionnels, universitaires et \u00e9tudiants, mais aussi simples citoyens.<\/p>\n","protected":false},"excerpt":{"rendered":"<p>Pierre Garcin Maison d&#8217;\u00e9dition Armand Colin R\u00e9sum\u00e9: Les questions de s\u00e9curit\u00e9 et de justice constituent des enjeux essentiels pour toute soci\u00e9t\u00e9. Dans le contexte contemporain, marqu\u00e9 par divers ph\u00e9nom\u00e8nes (h\u00e9t\u00e9rog\u00e9n\u00e9it\u00e9 sociale croissante, forte pression d\u00e9linquante, menace terroriste, fragilit\u00e9 propre \u00e0 un monde hyper-technicis\u00e9&#8230;), ces questions occupent le devant de la sc\u00e8ne, et les citoyens attendent de l&#8217;\u00c9tat qu&#8217;il traite leurs inqui\u00e9tudes, souvent exacerb\u00e9es, tout en pr\u00e9servant scrupuleusement le cadre d\u00e9mocratique.&hellip; <\/p>\n","protected":false},"author":3,"featured_media":19380,"comment_status":"open","ping_status":"closed","sticky":false,"template":"","format":"standard","meta":{"footnotes":""},"categories":[109,6,25],"tags":[],"class_list":["post-19379","post","type-post","status-publish","format-standard","has-post-thumbnail","hentry","category-francais","category-livros","category-seguranca-publica-e-defesa"],"views":162,"_links":{"self":[{"href":"https:\/\/www.bibliotecadeseguranca.com.br\/fr\/wp-json\/wp\/v2\/posts\/19379","targetHints":{"allow":["GET"]}}],"collection":[{"href":"https:\/\/www.bibliotecadeseguranca.com.br\/fr\/wp-json\/wp\/v2\/posts"}],"about":[{"href":"https:\/\/www.bibliotecadeseguranca.com.br\/fr\/wp-json\/wp\/v2\/types\/post"}],"author":[{"embeddable":true,"href":"https:\/\/www.bibliotecadeseguranca.com.br\/fr\/wp-json\/wp\/v2\/users\/3"}],"replies":[{"embeddable":true,"href":"https:\/\/www.bibliotecadeseguranca.com.br\/fr\/wp-json\/wp\/v2\/comments?post=19379"}],"version-history":[{"count":1,"href":"https:\/\/www.bibliotecadeseguranca.com.br\/fr\/wp-json\/wp\/v2\/posts\/19379\/revisions"}],"predecessor-version":[{"id":19381,"href":"https:\/\/www.bibliotecadeseguranca.com.br\/fr\/wp-json\/wp\/v2\/posts\/19379\/revisions\/19381"}],"wp:featuredmedia":[{"embeddable":true,"href":"https:\/\/www.bibliotecadeseguranca.com.br\/fr\/wp-json\/wp\/v2\/media\/19380"}],"wp:attachment":[{"href":"https:\/\/www.bibliotecadeseguranca.com.br\/fr\/wp-json\/wp\/v2\/media?parent=19379"}],"wp:term":[{"taxonomy":"category","embeddable":true,"href":"https:\/\/www.bibliotecadeseguranca.com.br\/fr\/wp-json\/wp\/v2\/categories?post=19379"},{"taxonomy":"post_tag","embeddable":true,"href":"https:\/\/www.bibliotecadeseguranca.com.br\/fr\/wp-json\/wp\/v2\/tags?post=19379"}],"curies":[{"name":"wp","href":"https:\/\/api.w.org\/{rel}","templated":true}]}}