{"id":19369,"date":"2023-11-13T14:00:55","date_gmt":"2023-11-13T17:00:55","guid":{"rendered":"https:\/\/www.bibliotecadeseguranca.com.br\/fr\/?p=19369"},"modified":"2023-11-13T13:11:08","modified_gmt":"2023-11-13T16:11:08","slug":"gestao-estrategica-da-seguranca-publica","status":"publish","type":"post","link":"https:\/\/www.bibliotecadeseguranca.com.br\/fr\/livros\/gestao-estrategica-da-seguranca-publica\/","title":{"rendered":"Gest\u00e3o Estrat\u00e9gica da Seguran\u00e7a P\u00fablica"},"content":{"rendered":"<p><span style=\"color: #003366;\"><strong><img loading=\"lazy\" decoding=\"async\" class=\"alignleft size-full wp-image-19370\" src=\"https:\/\/www.bibliotecadeseguranca.com.br\/fr\/wp-content\/uploads\/2023\/11\/gestao-estrategica-da-seguranca-publica.jpg\" alt=\"Gest\u00e3o Estrat\u00e9gica da Seguran\u00e7a P\u00fablica\" width=\"145\" height=\"205\" srcset=\"https:\/\/www.bibliotecadeseguranca.com.br\/fr\/wp-content\/uploads\/2023\/11\/gestao-estrategica-da-seguranca-publica.jpg 145w, https:\/\/www.bibliotecadeseguranca.com.br\/fr\/wp-content\/uploads\/2023\/11\/gestao-estrategica-da-seguranca-publica-106x150.jpg 106w\" sizes=\"auto, (max-width: 145px) 100vw, 145px\" \/>Roberto Ant\u00f4nio Dar\u00f3s Malaquias, Aylton Trancoso Dadalto<\/strong><\/span><\/p>\n<p><span style=\"color: #003366;\"><strong>Maison d&#8217;\u00e9dition Juru\u00e1<\/strong><\/span><\/p>\n<p><span style=\"color: #003366;\"><strong>R\u00e9sum\u00e9:<\/strong><\/span> Numa leitura objetiva, \u00e9 poss\u00edvel perceber a imprescind\u00edvel necessidade de conscientizar os segmentos sociais a respeito da reestrutura\u00e7\u00e3o da \u00e1rea de Seguran\u00e7a P\u00fablica e Defesa Social, buscando uma diretriz moderna e eficiente para a redu\u00e7\u00e3o e controle da criminalidade, protegendo adequadamente os cidad\u00e3os e prestando um servi\u00e7o p\u00fablico de qualidade para a sociedade civil (&#8230;). A natureza transdisciplinar desta obra coletiva discutida em oito cap\u00edtulos que trazem luz aos complexos problemas da viol\u00eancia social tamb\u00e9m possui a habilidade de demonstrar os racioc\u00ednios sofisticados com explica\u00e7\u00f5es simplificadas, de f\u00e1cil cogni\u00e7\u00e3o (&#8230;). Al\u00e9m disso, a sedimenta\u00e7\u00e3o dogm\u00e1tica deste trabalho indica a necessidade urgente de elabora\u00e7\u00e3o de uma nova pol\u00edtica estruturante de Seguran\u00e7a P\u00fablica, tendo como diretriz t\u00e9cnica a municipaliza\u00e7\u00e3o da atividade policial brasileira, sendo fundamentada no princ\u00edpio da dignidade da pessoa humana (&#8230;). Ao concluir este texto preliminar, como prel\u00fadio deste excelente livro que tenho a honra de lhes apresentar, torna-se necess\u00e1rio registrar que o Prof. Me. Roberto Ant\u00f4nio Dar\u00f3s Malaquias e o Prof. Esp. Aylton Trancoso Dadalto sempre demonstraram elevado esp\u00edrito altru\u00edsta fundamentados na dignidade da pessoa humana e no compromisso de constru\u00e7\u00e3o e fortalecimento da democracia brasileira.<\/p>\n<p>O esp\u00edrito de equipe e a dedica\u00e7\u00e3o na coordena\u00e7\u00e3o e orienta\u00e7\u00e3o desta linha de pesquisa \u00e9 a marca personalizada dessa mencionada dupla de dedicados juristas, estimulando os demais Autores\/Colaboradores a desenvolverem pesquisas acad\u00eamicas de excelente n\u00edvel cient\u00edfico que subsidiar\u00e3o novas pol\u00edticas p\u00fablicas para a \u00e1rea da Seguran\u00e7a P\u00fablica e Defesa Social (&#8230;). S\u00f3 me resta desejar uma agrad\u00e1vel leitura a todos voc\u00eas.<\/p>\n<p>Anderson Sant\u2019Ana Pedra<\/p>\n","protected":false},"excerpt":{"rendered":"<p>Roberto Ant\u00f4nio Dar\u00f3s Malaquias, Aylton Trancoso Dadalto Maison d&#8217;\u00e9dition Juru\u00e1 R\u00e9sum\u00e9: Numa leitura objetiva, \u00e9 poss\u00edvel perceber a imprescind\u00edvel necessidade de conscientizar os segmentos sociais a respeito da reestrutura\u00e7\u00e3o da \u00e1rea de Seguran\u00e7a P\u00fablica e Defesa Social, buscando uma diretriz moderna e eficiente para a redu\u00e7\u00e3o e controle da criminalidade, protegendo adequadamente os cidad\u00e3os e prestando um servi\u00e7o p\u00fablico de qualidade para a sociedade civil (&#8230;). A natureza transdisciplinar desta&hellip; <\/p>\n","protected":false},"author":3,"featured_media":19370,"comment_status":"open","ping_status":"closed","sticky":false,"template":"","format":"standard","meta":{"footnotes":""},"categories":[6,25],"tags":[],"class_list":["post-19369","post","type-post","status-publish","format-standard","has-post-thumbnail","hentry","category-livros","category-seguranca-publica-e-defesa"],"views":231,"_links":{"self":[{"href":"https:\/\/www.bibliotecadeseguranca.com.br\/fr\/wp-json\/wp\/v2\/posts\/19369","targetHints":{"allow":["GET"]}}],"collection":[{"href":"https:\/\/www.bibliotecadeseguranca.com.br\/fr\/wp-json\/wp\/v2\/posts"}],"about":[{"href":"https:\/\/www.bibliotecadeseguranca.com.br\/fr\/wp-json\/wp\/v2\/types\/post"}],"author":[{"embeddable":true,"href":"https:\/\/www.bibliotecadeseguranca.com.br\/fr\/wp-json\/wp\/v2\/users\/3"}],"replies":[{"embeddable":true,"href":"https:\/\/www.bibliotecadeseguranca.com.br\/fr\/wp-json\/wp\/v2\/comments?post=19369"}],"version-history":[{"count":1,"href":"https:\/\/www.bibliotecadeseguranca.com.br\/fr\/wp-json\/wp\/v2\/posts\/19369\/revisions"}],"predecessor-version":[{"id":19371,"href":"https:\/\/www.bibliotecadeseguranca.com.br\/fr\/wp-json\/wp\/v2\/posts\/19369\/revisions\/19371"}],"wp:featuredmedia":[{"embeddable":true,"href":"https:\/\/www.bibliotecadeseguranca.com.br\/fr\/wp-json\/wp\/v2\/media\/19370"}],"wp:attachment":[{"href":"https:\/\/www.bibliotecadeseguranca.com.br\/fr\/wp-json\/wp\/v2\/media?parent=19369"}],"wp:term":[{"taxonomy":"category","embeddable":true,"href":"https:\/\/www.bibliotecadeseguranca.com.br\/fr\/wp-json\/wp\/v2\/categories?post=19369"},{"taxonomy":"post_tag","embeddable":true,"href":"https:\/\/www.bibliotecadeseguranca.com.br\/fr\/wp-json\/wp\/v2\/tags?post=19369"}],"curies":[{"name":"wp","href":"https:\/\/api.w.org\/{rel}","templated":true}]}}