{"id":19353,"date":"2023-11-06T14:00:35","date_gmt":"2023-11-06T17:00:35","guid":{"rendered":"https:\/\/www.bibliotecadeseguranca.com.br\/fr\/?p=19353"},"modified":"2023-11-06T13:52:29","modified_gmt":"2023-11-06T16:52:29","slug":"seguranca-nas-escolas-diretrizes-a-sociedade-civil-e-aos-estabelecimentos-educacionais","status":"publish","type":"post","link":"https:\/\/www.bibliotecadeseguranca.com.br\/fr\/livros\/seguranca-nas-escolas-diretrizes-a-sociedade-civil-e-aos-estabelecimentos-educacionais\/","title":{"rendered":"Seguran\u00e7a nas Escolas: Diretrizes \u00e0 Sociedade Civil e aos Estabelecimentos Educacionais"},"content":{"rendered":"<p><span style=\"color: #003366;\"><strong><img loading=\"lazy\" decoding=\"async\" class=\"alignleft size-full wp-image-19354\" src=\"https:\/\/www.bibliotecadeseguranca.com.br\/fr\/wp-content\/uploads\/2023\/11\/seguranca-nas-escolas-diretrizes-a-sociedade-civil-e-aos-estabelecimentos-educacionais.jpg\" alt=\"Seguran\u00e7a nas Escolas: Diretrizes \u00e0 Sociedade Civil e aos Estabelecimentos Educacionais\" width=\"145\" height=\"205\" srcset=\"https:\/\/www.bibliotecadeseguranca.com.br\/fr\/wp-content\/uploads\/2023\/11\/seguranca-nas-escolas-diretrizes-a-sociedade-civil-e-aos-estabelecimentos-educacionais.jpg 145w, https:\/\/www.bibliotecadeseguranca.com.br\/fr\/wp-content\/uploads\/2023\/11\/seguranca-nas-escolas-diretrizes-a-sociedade-civil-e-aos-estabelecimentos-educacionais-106x150.jpg 106w\" sizes=\"auto, (max-width: 145px) 100vw, 145px\" \/>Prefeitura de Patos de Minas &#8211; Minas Gerais<\/strong><\/span><\/p>\n<p><span style=\"color: #003366;\"><strong>R\u00e9sum\u00e9:<\/strong><\/span> Material elaborado a partir do semin\u00e1rio &#8220;Combatendo a viol\u00eancia \u00e0s escolas: papel das fam\u00edlias e das institui\u00e7\u00f5es&#8221;, de iniciativa do Procon Patos de Minas. O conte\u00fado desta cartilha tem como fontes, al\u00e9m do Procon: a Pol\u00edcia Militar, a C\u00e2mara Municipal, a psic\u00f3loga Ana Paula Silva e o m\u00e9dico Everton Edjar A. da Silva. Complementam as informa\u00e7\u00f5es, dicas constantes no &#8220;Protocolo de Seguran\u00e7a para as Institui\u00e7\u00f5es Escolares do Estado de Minas Gerais&#8221;, elaborado pelo N\u00facleo Interinstitucional de Prote\u00e7\u00e3o Escolar (SEE\/MG e outros \u00f3rg\u00e3os).<\/p>\n<p><a href=\"https:\/\/www.bibliotecadeseguranca.com.br\/wp-content\/uploads\/2023\/11\/seguranca-nas-escolas-diretrizes-a-sociedade-civil-e-aos-estabelecimentos-educacionais.pdf\" target=\"_blank\" rel=\"noopener\"><img loading=\"lazy\" decoding=\"async\" class=\"alignleft wp-image-12143 size-full\" src=\"https:\/\/www.bibliotecadeseguranca.com.br\/fr\/wp-content\/uploads\/2015\/03\/download_fr.gif\" alt=\"T\u00e9l\u00e9charger\" width=\"107\" height=\"25\" \/><\/a><\/p>\n","protected":false},"excerpt":{"rendered":"<p>Prefeitura de Patos de Minas &#8211; Minas Gerais R\u00e9sum\u00e9: Material elaborado a partir do semin\u00e1rio &#8220;Combatendo a viol\u00eancia \u00e0s escolas: papel das fam\u00edlias e das institui\u00e7\u00f5es&#8221;, de iniciativa do Procon Patos de Minas. O conte\u00fado desta cartilha tem como fontes, al\u00e9m do Procon: a Pol\u00edcia Militar, a C\u00e2mara Municipal, a psic\u00f3loga Ana Paula Silva e o m\u00e9dico Everton Edjar A. da Silva. Complementam as informa\u00e7\u00f5es, dicas constantes no &#8220;Protocolo de&hellip; <\/p>\n","protected":false},"author":3,"featured_media":19354,"comment_status":"open","ping_status":"closed","sticky":false,"template":"","format":"standard","meta":{"footnotes":""},"categories":[6,25,112],"tags":[],"class_list":["post-19353","post","type-post","status-publish","format-standard","has-post-thumbnail","hentry","category-livros","category-seguranca-publica-e-defesa","category-download"],"views":99,"_links":{"self":[{"href":"https:\/\/www.bibliotecadeseguranca.com.br\/fr\/wp-json\/wp\/v2\/posts\/19353","targetHints":{"allow":["GET"]}}],"collection":[{"href":"https:\/\/www.bibliotecadeseguranca.com.br\/fr\/wp-json\/wp\/v2\/posts"}],"about":[{"href":"https:\/\/www.bibliotecadeseguranca.com.br\/fr\/wp-json\/wp\/v2\/types\/post"}],"author":[{"embeddable":true,"href":"https:\/\/www.bibliotecadeseguranca.com.br\/fr\/wp-json\/wp\/v2\/users\/3"}],"replies":[{"embeddable":true,"href":"https:\/\/www.bibliotecadeseguranca.com.br\/fr\/wp-json\/wp\/v2\/comments?post=19353"}],"version-history":[{"count":1,"href":"https:\/\/www.bibliotecadeseguranca.com.br\/fr\/wp-json\/wp\/v2\/posts\/19353\/revisions"}],"predecessor-version":[{"id":19355,"href":"https:\/\/www.bibliotecadeseguranca.com.br\/fr\/wp-json\/wp\/v2\/posts\/19353\/revisions\/19355"}],"wp:featuredmedia":[{"embeddable":true,"href":"https:\/\/www.bibliotecadeseguranca.com.br\/fr\/wp-json\/wp\/v2\/media\/19354"}],"wp:attachment":[{"href":"https:\/\/www.bibliotecadeseguranca.com.br\/fr\/wp-json\/wp\/v2\/media?parent=19353"}],"wp:term":[{"taxonomy":"category","embeddable":true,"href":"https:\/\/www.bibliotecadeseguranca.com.br\/fr\/wp-json\/wp\/v2\/categories?post=19353"},{"taxonomy":"post_tag","embeddable":true,"href":"https:\/\/www.bibliotecadeseguranca.com.br\/fr\/wp-json\/wp\/v2\/tags?post=19353"}],"curies":[{"name":"wp","href":"https:\/\/api.w.org\/{rel}","templated":true}]}}