{"id":19347,"date":"2023-11-03T14:00:49","date_gmt":"2023-11-03T17:00:49","guid":{"rendered":"https:\/\/www.bibliotecadeseguranca.com.br\/fr\/?p=19347"},"modified":"2023-11-03T03:01:25","modified_gmt":"2023-11-03T06:01:25","slug":"les-enjeux-contractuels-de-la-securite-privee","status":"publish","type":"post","link":"https:\/\/www.bibliotecadeseguranca.com.br\/fr\/livros\/les-enjeux-contractuels-de-la-securite-privee\/","title":{"rendered":"Les Enjeux Contractuels de la S\u00e9curit\u00e9 Priv\u00e9e"},"content":{"rendered":"<p><span style=\"color: #003366;\"><strong><img loading=\"lazy\" decoding=\"async\" class=\"alignleft size-full wp-image-19348\" src=\"https:\/\/www.bibliotecadeseguranca.com.br\/fr\/wp-content\/uploads\/2023\/11\/les-enjeux-contractuels-de-la-securite-privee.jpg\" alt=\"Les Enjeux Contractuels de la S\u00e9curit\u00e9 Priv\u00e9e\" width=\"145\" height=\"217\" srcset=\"https:\/\/www.bibliotecadeseguranca.com.br\/fr\/wp-content\/uploads\/2023\/11\/les-enjeux-contractuels-de-la-securite-privee.jpg 145w, https:\/\/www.bibliotecadeseguranca.com.br\/fr\/wp-content\/uploads\/2023\/11\/les-enjeux-contractuels-de-la-securite-privee-100x150.jpg 100w\" sizes=\"auto, (max-width: 145px) 100vw, 145px\" \/>Xavier Latour, Christophe Aubertin<\/strong><\/span><\/p>\n<p><span style=\"color: #003366;\"><strong>Maison d&#8217;\u00e9dition Mare &amp; Martin<\/strong><\/span><\/p>\n<p><span style=\"color: #003366;\"><strong>R\u00e9sum\u00e9:<\/strong><\/span> En \u00e9tant une activit\u00e9 de prestation de services, la s\u00e9curit\u00e9 priv\u00e9e s&#8217;inscrit dans une relation contractuelle. Le prestataire et le donneur d&#8217;ordre, public ou priv\u00e9, s&#8217;engagent sur des droits et des obligations ex\u00e9cut\u00e9s dans un environnement \u00e9conomique et juridique devant prendre en consid\u00e9ration la sp\u00e9cificit\u00e9 de la protection des personnes et des biens.<\/p>\n<p>\u00c9conomiquement, il appara\u00eet que la s\u00e9curit\u00e9 n&#8217;est pas exclusivement une activit\u00e9 r\u00e9galienne plac\u00e9e en dehors du march\u00e9. Au contraire, elle est aussi une activit\u00e9 marchande dont la sph\u00e8re tend \u00e0 s&#8217;\u00e9tendre. Une prestation de s\u00e9curit\u00e9 priv\u00e9e doit alors trouver son juste prix. Juridiquement, les prestations de s\u00e9curit\u00e9 priv\u00e9e sont soumises \u00e0 des r\u00e8gles diff\u00e9rentes selon le donneur d&#8217;ordre et la nature des prestations fournies.<\/p>\n<p>En outre, leur particularit\u00e9 implique de clarifier la nature des obligations souscrites et dont l&#8217;ex\u00e9cution d\u00e9pend largement du recours \u00e0 la sous-traitance.<\/p>\n<p>S&#8217;ajoutent \u00e0 cela des r\u00e9percussions sociales propres \u00e0 un secteur d&#8217;activit\u00e9s tr\u00e8s demandeur en main d&#8217;oeuvre.<\/p>\n<p>Dans ce contexte, les enjeux contractuels de la s\u00e9curit\u00e9 priv\u00e9e sont nombreux.<\/p>\n<p>Ils ont trait tant \u00e0 la conclusion de contrats publics et priv\u00e9s qu&#8217;\u00e0 leur ex\u00e9cution.<\/p>\n<p>Tous les contrats sont-ils permis ? O\u00f9 se situe l&#8217;\u00e9quilibre \u00e9conomique ? Quels sont les particularismes du droit applicable ? Comment sont ex\u00e9cut\u00e9es des prestations vari\u00e9es ? Quelle est la place du salari\u00e9 dans cet environnement contractuel ?<\/p>\n<p>R\u00e9sultat d&#8217;une coop\u00e9ration \u00e9troite entre l&#8217;Universit\u00e9 Nice Sophia Antipolis (Facult\u00e9 de Droit et Science Politique &#8211; CERDACFF) et Paris Descartes (CEDAG), avec le soutien de l&#8217;Alliance nationale des activit\u00e9s priv\u00e9es de s\u00e9curit\u00e9 et de l&#8217;Association fran\u00e7aise de droit de la s\u00e9curit\u00e9 et de la d\u00e9fense, ces travaux pluridisciplinaires allient la th\u00e9orie et la pratique dans l&#8217;examen des contrats de prestations de s\u00e9curit\u00e9, qu&#8217;ils rel\u00e8vent du droit public ou du droit priv\u00e9.<\/p>\n","protected":false},"excerpt":{"rendered":"<p>Xavier Latour, Christophe Aubertin Maison d&#8217;\u00e9dition Mare &amp; Martin R\u00e9sum\u00e9: En \u00e9tant une activit\u00e9 de prestation de services, la s\u00e9curit\u00e9 priv\u00e9e s&#8217;inscrit dans une relation contractuelle. Le prestataire et le donneur d&#8217;ordre, public ou priv\u00e9, s&#8217;engagent sur des droits et des obligations ex\u00e9cut\u00e9s dans un environnement \u00e9conomique et juridique devant prendre en consid\u00e9ration la sp\u00e9cificit\u00e9 de la protection des personnes et des biens. \u00c9conomiquement, il appara\u00eet que la s\u00e9curit\u00e9 n&#8217;est&hellip; <\/p>\n","protected":false},"author":3,"featured_media":19348,"comment_status":"open","ping_status":"closed","sticky":false,"template":"","format":"standard","meta":{"footnotes":""},"categories":[109,23,6],"tags":[],"class_list":["post-19347","post","type-post","status-publish","format-standard","has-post-thumbnail","hentry","category-francais","category-gestao-da-seguranca-empresarial","category-livros"],"views":329,"_links":{"self":[{"href":"https:\/\/www.bibliotecadeseguranca.com.br\/fr\/wp-json\/wp\/v2\/posts\/19347","targetHints":{"allow":["GET"]}}],"collection":[{"href":"https:\/\/www.bibliotecadeseguranca.com.br\/fr\/wp-json\/wp\/v2\/posts"}],"about":[{"href":"https:\/\/www.bibliotecadeseguranca.com.br\/fr\/wp-json\/wp\/v2\/types\/post"}],"author":[{"embeddable":true,"href":"https:\/\/www.bibliotecadeseguranca.com.br\/fr\/wp-json\/wp\/v2\/users\/3"}],"replies":[{"embeddable":true,"href":"https:\/\/www.bibliotecadeseguranca.com.br\/fr\/wp-json\/wp\/v2\/comments?post=19347"}],"version-history":[{"count":1,"href":"https:\/\/www.bibliotecadeseguranca.com.br\/fr\/wp-json\/wp\/v2\/posts\/19347\/revisions"}],"predecessor-version":[{"id":19349,"href":"https:\/\/www.bibliotecadeseguranca.com.br\/fr\/wp-json\/wp\/v2\/posts\/19347\/revisions\/19349"}],"wp:featuredmedia":[{"embeddable":true,"href":"https:\/\/www.bibliotecadeseguranca.com.br\/fr\/wp-json\/wp\/v2\/media\/19348"}],"wp:attachment":[{"href":"https:\/\/www.bibliotecadeseguranca.com.br\/fr\/wp-json\/wp\/v2\/media?parent=19347"}],"wp:term":[{"taxonomy":"category","embeddable":true,"href":"https:\/\/www.bibliotecadeseguranca.com.br\/fr\/wp-json\/wp\/v2\/categories?post=19347"},{"taxonomy":"post_tag","embeddable":true,"href":"https:\/\/www.bibliotecadeseguranca.com.br\/fr\/wp-json\/wp\/v2\/tags?post=19347"}],"curies":[{"name":"wp","href":"https:\/\/api.w.org\/{rel}","templated":true}]}}