{"id":19331,"date":"2023-10-27T14:00:53","date_gmt":"2023-10-27T17:00:53","guid":{"rendered":"https:\/\/www.bibliotecadeseguranca.com.br\/fr\/?p=19331"},"modified":"2023-10-27T13:23:01","modified_gmt":"2023-10-27T16:23:01","slug":"securite-et-promotion-de-la-securite-aspects-conceptuels-et-operationnels","status":"publish","type":"post","link":"https:\/\/www.bibliotecadeseguranca.com.br\/fr\/livros\/securite-et-promotion-de-la-securite-aspects-conceptuels-et-operationnels\/","title":{"rendered":"S\u00e9curit\u00e9 et Promotion de la S\u00e9curit\u00e9 : Aspects Conceptuels et Op\u00e9rationnels"},"content":{"rendered":"<p><span style=\"color: #003366;\"><strong><img loading=\"lazy\" decoding=\"async\" class=\"alignleft size-full wp-image-19332\" src=\"https:\/\/www.bibliotecadeseguranca.com.br\/fr\/wp-content\/uploads\/2023\/10\/securite-et-promotion-de-la-securite-aspects-conceptuels-et-operationnels.jpg\" alt=\"S\u00e9curit\u00e9 et Promotion de la S\u00e9curit\u00e9 : Aspects Conceptuels et Op\u00e9rationnels\" width=\"145\" height=\"187\" srcset=\"https:\/\/www.bibliotecadeseguranca.com.br\/fr\/wp-content\/uploads\/2023\/10\/securite-et-promotion-de-la-securite-aspects-conceptuels-et-operationnels.jpg 145w, https:\/\/www.bibliotecadeseguranca.com.br\/fr\/wp-content\/uploads\/2023\/10\/securite-et-promotion-de-la-securite-aspects-conceptuels-et-operationnels-116x150.jpg 116w\" sizes=\"auto, (max-width: 145px) 100vw, 145px\" \/>Centre collaborateur OMS du Qu\u00e9bec<\/strong><\/span><\/p>\n<p><span style=\"color: #003366;\"><strong>R\u00e9sum\u00e9:<\/strong><\/span> Ce document porte sur les aspects conceptuels et op\u00e9rationnels de la s\u00e9curit\u00e9 et de la promotion de la s\u00e9curit\u00e9. Plus sp\u00e9cifiquement, il propose un cadre de r\u00e9f\u00e9rence pour favoriser la planification et l\u2019implantation d\u2019interventions en vue d\u2019am\u00e9liorer la s\u00e9curit\u00e9 d\u2019une communaut\u00e9. Il s\u2019applique aux traumatismes non intentionnels, au suicide, \u00e0 la violence et \u00e0 la criminalit\u00e9. Il permet d\u2019aborder ces probl\u00e8mes dans une perspective de promotion de la sant\u00e9 et de pr\u00e9vention. Il favorise \u00e9galement une meilleure int\u00e9gration des mod\u00e8les d\u2019intervention les plus utilis\u00e9s pour am\u00e9liorer la s\u00e9curit\u00e9 de la population.<\/p>\n<p><a href=\"https:\/\/www.bibliotecadeseguranca.com.br\/wp-content\/uploads\/2023\/10\/securite-et-promotion-de-la-securite-aspects-conceptuels-et-operationnels.pdf\" target=\"_blank\" rel=\"noopener\"><img loading=\"lazy\" decoding=\"async\" class=\"alignleft wp-image-12143 size-full\" src=\"https:\/\/www.bibliotecadeseguranca.com.br\/fr\/wp-content\/uploads\/2015\/03\/download_fr.gif\" alt=\"T\u00e9l\u00e9charger\" width=\"107\" height=\"25\" \/><\/a><\/p>\n","protected":false},"excerpt":{"rendered":"<p>Centre collaborateur OMS du Qu\u00e9bec R\u00e9sum\u00e9: Ce document porte sur les aspects conceptuels et op\u00e9rationnels de la s\u00e9curit\u00e9 et de la promotion de la s\u00e9curit\u00e9. Plus sp\u00e9cifiquement, il propose un cadre de r\u00e9f\u00e9rence pour favoriser la planification et l\u2019implantation d\u2019interventions en vue d\u2019am\u00e9liorer la s\u00e9curit\u00e9 d\u2019une communaut\u00e9. Il s\u2019applique aux traumatismes non intentionnels, au suicide, \u00e0 la violence et \u00e0 la criminalit\u00e9. Il permet d\u2019aborder ces probl\u00e8mes dans une perspective&hellip; <\/p>\n","protected":false},"author":3,"featured_media":19332,"comment_status":"open","ping_status":"closed","sticky":false,"template":"","format":"standard","meta":{"footnotes":""},"categories":[109,6,25,112],"tags":[],"class_list":["post-19331","post","type-post","status-publish","format-standard","has-post-thumbnail","hentry","category-francais","category-livros","category-seguranca-publica-e-defesa","category-download"],"views":208,"_links":{"self":[{"href":"https:\/\/www.bibliotecadeseguranca.com.br\/fr\/wp-json\/wp\/v2\/posts\/19331","targetHints":{"allow":["GET"]}}],"collection":[{"href":"https:\/\/www.bibliotecadeseguranca.com.br\/fr\/wp-json\/wp\/v2\/posts"}],"about":[{"href":"https:\/\/www.bibliotecadeseguranca.com.br\/fr\/wp-json\/wp\/v2\/types\/post"}],"author":[{"embeddable":true,"href":"https:\/\/www.bibliotecadeseguranca.com.br\/fr\/wp-json\/wp\/v2\/users\/3"}],"replies":[{"embeddable":true,"href":"https:\/\/www.bibliotecadeseguranca.com.br\/fr\/wp-json\/wp\/v2\/comments?post=19331"}],"version-history":[{"count":1,"href":"https:\/\/www.bibliotecadeseguranca.com.br\/fr\/wp-json\/wp\/v2\/posts\/19331\/revisions"}],"predecessor-version":[{"id":19333,"href":"https:\/\/www.bibliotecadeseguranca.com.br\/fr\/wp-json\/wp\/v2\/posts\/19331\/revisions\/19333"}],"wp:featuredmedia":[{"embeddable":true,"href":"https:\/\/www.bibliotecadeseguranca.com.br\/fr\/wp-json\/wp\/v2\/media\/19332"}],"wp:attachment":[{"href":"https:\/\/www.bibliotecadeseguranca.com.br\/fr\/wp-json\/wp\/v2\/media?parent=19331"}],"wp:term":[{"taxonomy":"category","embeddable":true,"href":"https:\/\/www.bibliotecadeseguranca.com.br\/fr\/wp-json\/wp\/v2\/categories?post=19331"},{"taxonomy":"post_tag","embeddable":true,"href":"https:\/\/www.bibliotecadeseguranca.com.br\/fr\/wp-json\/wp\/v2\/tags?post=19331"}],"curies":[{"name":"wp","href":"https:\/\/api.w.org\/{rel}","templated":true}]}}