{"id":19321,"date":"2023-10-23T14:00:32","date_gmt":"2023-10-23T17:00:32","guid":{"rendered":"https:\/\/www.bibliotecadeseguranca.com.br\/fr\/?p=19321"},"modified":"2023-10-23T13:31:16","modified_gmt":"2023-10-23T16:31:16","slug":"revista-prelecao-ano-i-n-03","status":"publish","type":"post","link":"https:\/\/www.bibliotecadeseguranca.com.br\/fr\/periodicos-de-seguranca\/revista-prelecao-ano-i-n-03\/","title":{"rendered":"Revista Prele\u00e7\u00e3o \u2013 Ano I \u2013 N\u00b0 03"},"content":{"rendered":"<p><span style=\"color: #003366;\"><strong><img loading=\"lazy\" decoding=\"async\" class=\"alignleft size-full wp-image-19322\" src=\"https:\/\/www.bibliotecadeseguranca.com.br\/fr\/wp-content\/uploads\/2023\/10\/revista-prelecao-ano-i-n-03.jpg\" alt=\"Revista Prele\u00e7\u00e3o \u2013 Ano I \u2013 N\u00b0 03\" width=\"145\" height=\"202\" srcset=\"https:\/\/www.bibliotecadeseguranca.com.br\/fr\/wp-content\/uploads\/2023\/10\/revista-prelecao-ano-i-n-03.jpg 145w, https:\/\/www.bibliotecadeseguranca.com.br\/fr\/wp-content\/uploads\/2023\/10\/revista-prelecao-ano-i-n-03-108x150.jpg 108w\" sizes=\"auto, (max-width: 145px) 100vw, 145px\" \/>Pol\u00edcia Militar do Estado do Esp\u00edrito Santo<\/strong><\/span><\/p>\n<p><span style=\"color: #003366;\"><strong>R\u00e9sum\u00e9:<\/strong><\/span> Desenvolver a pesquisa no campo da seguran\u00e7a p\u00fablica requer a exist\u00eancia de mentes cr\u00edticas, objetivas e racionais que oportunizem fomentar um conjunto de conhecimentos, capazes de auxiliar na compreens\u00e3o da atual realidade e, efetivamente, orientar a elabora\u00e7\u00e3o de pol\u00edticas e a\u00e7\u00f5es institucionais com foco no interesse p\u00fablico.<br \/>\nNesse sentido, o resultado das pesquisas tem aplica\u00e7\u00f5es muito objetivas \u2013 o que se contrap\u00f5e \u00e0 inexplic\u00e1vel dicotomia Teoria X Pr\u00e1tica insistentemente defendida por alguns, principalmente quando se percebe resultados pouco expressivos, com elevados investimentos de capital, trabalho e empenho humano.<br \/>\nA Revista Prele\u00e7\u00e3o \u00e9 um meio de comunica\u00e7\u00e3o com produ\u00e7\u00e3o e divulga\u00e7\u00e3o democr\u00e1tica e pluralista. Visa fomentar a investiga\u00e7\u00e3o cient\u00edfica neste campo quase inexplorado e de incont\u00e1veis possibilidades: o da seguran\u00e7a p\u00fablica. De forma planejada, a revista \u00e9 elaborada e redigida de acordo com a metodologia consagrada pela Ci\u00eancia, sendo aprimorada pelo caminhar da primeira at\u00e9 esta terceira edi\u00e7\u00e3o. Tudo com inspira\u00e7\u00e3o na necessidade de conhecer, um dos elementos essenciais da exist\u00eancia humana.<br \/>\nNo s\u00e9culo XXI, o contexto da atividade de seguran\u00e7a p\u00fablica exige o uso de tecnologias e informa\u00e7\u00f5es necess\u00e1rias como insumos para o planejamento das estrat\u00e9gias e a\u00e7\u00f5es policiais. Estas novas demandas acabam por produzir um grande impacto na Pol\u00edcia Militar do Estado do Esp\u00edrito Santo, que completa seus 173 anos e busca adaptar-se aos novos tempos.<br \/>\nNesse vi\u00e9s, os artigos publicados poder\u00e3o parecer cr\u00edticos, na medida em que promover\u00e3o o questionamento racional de pr\u00e1ticas e posicionamentos historicamente consolidados. Destaca-se, sobretudo, que tais trabalhos buscam construir opini\u00f5es s\u00f3lidas, de forma a colaborar para o estabelecimento de posi\u00e7\u00f5es diferenciadas.<br \/>\nObviamente, tal esfor\u00e7o n\u00e3o prescindir\u00e1 de provas e argumentos t\u00e9cnico-cient\u00edficos, o que mitigar\u00e1 o efeito de subjetivismos e pessoalidades, embasadas simplesmente no conhecimento emp\u00edrico. A objetividade cient\u00edfica busca trazer \u00e0 discuss\u00e3o quest\u00f5es relevantes, bem como descortinar caminhos de poss\u00edveis solu\u00e7\u00f5es.<br \/>\n\u00c9 fato que hoje, boa parte dos trabalhos desenvolvidos pelos pesquisadores da seguran\u00e7a p\u00fablica, quer sejam policiais acad\u00eamicos ou estudiosos ligados \u00e0 \u00e1rea, carecem de ve\u00edculos que possam dar vaz\u00e3o ao conhecimento produzido, de forma sistematizada, bem como disseminar pontos de vista e opini\u00f5es fundamentadas que possam trazer ao debate, quest\u00f5es que contribuam com possibilidades de melhoria do desempenho das institui\u00e7\u00f5es policiais.<br \/>\nEsta \u00e9 a ess\u00eancia da terceira edi\u00e7\u00e3o da Revista Prele\u00e7\u00e3o, representando a continuidade dos esfor\u00e7os de difus\u00e3o do conhecimento, com artigos que foram selecionados para estimular a efervesc\u00eancia intelectual, necess\u00e1ria aos processos de transforma\u00e7\u00e3o social.<\/p>\n<p><a href=\"https:\/\/www.bibliotecadeseguranca.com.br\/wp-content\/uploads\/2023\/10\/revista-prelecao-ano-i-n-03.pdf\" target=\"_blank\" rel=\"noopener\"><img loading=\"lazy\" decoding=\"async\" class=\"alignleft wp-image-12143 size-full\" src=\"https:\/\/www.bibliotecadeseguranca.com.br\/fr\/wp-content\/uploads\/2015\/03\/download_fr.gif\" alt=\"T\u00e9l\u00e9charger\" width=\"107\" height=\"25\" \/><\/a><\/p>\n","protected":false},"excerpt":{"rendered":"<p>Pol\u00edcia Militar do Estado do Esp\u00edrito Santo R\u00e9sum\u00e9: Desenvolver a pesquisa no campo da seguran\u00e7a p\u00fablica requer a exist\u00eancia de mentes cr\u00edticas, objetivas e racionais que oportunizem fomentar um conjunto de conhecimentos, capazes de auxiliar na compreens\u00e3o da atual realidade e, efetivamente, orientar a elabora\u00e7\u00e3o de pol\u00edticas e a\u00e7\u00f5es institucionais com foco no interesse p\u00fablico. Nesse sentido, o resultado das pesquisas tem aplica\u00e7\u00f5es muito objetivas \u2013 o que se contrap\u00f5e&hellip; <\/p>\n","protected":false},"author":3,"featured_media":19322,"comment_status":"open","ping_status":"closed","sticky":false,"template":"","format":"standard","meta":{"footnotes":""},"categories":[129,71,112],"tags":[],"class_list":["post-19321","post","type-post","status-publish","format-standard","has-post-thumbnail","hentry","category-revista-prelecao","category-periodicos-de-seguranca","category-download"],"views":249,"_links":{"self":[{"href":"https:\/\/www.bibliotecadeseguranca.com.br\/fr\/wp-json\/wp\/v2\/posts\/19321","targetHints":{"allow":["GET"]}}],"collection":[{"href":"https:\/\/www.bibliotecadeseguranca.com.br\/fr\/wp-json\/wp\/v2\/posts"}],"about":[{"href":"https:\/\/www.bibliotecadeseguranca.com.br\/fr\/wp-json\/wp\/v2\/types\/post"}],"author":[{"embeddable":true,"href":"https:\/\/www.bibliotecadeseguranca.com.br\/fr\/wp-json\/wp\/v2\/users\/3"}],"replies":[{"embeddable":true,"href":"https:\/\/www.bibliotecadeseguranca.com.br\/fr\/wp-json\/wp\/v2\/comments?post=19321"}],"version-history":[{"count":1,"href":"https:\/\/www.bibliotecadeseguranca.com.br\/fr\/wp-json\/wp\/v2\/posts\/19321\/revisions"}],"predecessor-version":[{"id":19323,"href":"https:\/\/www.bibliotecadeseguranca.com.br\/fr\/wp-json\/wp\/v2\/posts\/19321\/revisions\/19323"}],"wp:featuredmedia":[{"embeddable":true,"href":"https:\/\/www.bibliotecadeseguranca.com.br\/fr\/wp-json\/wp\/v2\/media\/19322"}],"wp:attachment":[{"href":"https:\/\/www.bibliotecadeseguranca.com.br\/fr\/wp-json\/wp\/v2\/media?parent=19321"}],"wp:term":[{"taxonomy":"category","embeddable":true,"href":"https:\/\/www.bibliotecadeseguranca.com.br\/fr\/wp-json\/wp\/v2\/categories?post=19321"},{"taxonomy":"post_tag","embeddable":true,"href":"https:\/\/www.bibliotecadeseguranca.com.br\/fr\/wp-json\/wp\/v2\/tags?post=19321"}],"curies":[{"name":"wp","href":"https:\/\/api.w.org\/{rel}","templated":true}]}}