{"id":19305,"date":"2023-10-16T14:00:10","date_gmt":"2023-10-16T17:00:10","guid":{"rendered":"https:\/\/www.bibliotecadeseguranca.com.br\/fr\/?p=19305"},"modified":"2023-10-16T13:41:18","modified_gmt":"2023-10-16T16:41:18","slug":"licoes-essenciais-de-seguranca-publica","status":"publish","type":"post","link":"https:\/\/www.bibliotecadeseguranca.com.br\/fr\/livros\/licoes-essenciais-de-seguranca-publica\/","title":{"rendered":"Li\u00e7\u00f5es Essenciais de Seguran\u00e7a P\u00fablica"},"content":{"rendered":"<p><span style=\"color: #003366;\"><strong><img loading=\"lazy\" decoding=\"async\" class=\"alignleft size-full wp-image-19306\" src=\"https:\/\/www.bibliotecadeseguranca.com.br\/fr\/wp-content\/uploads\/2023\/10\/licoes-essenciais-de-seguranca-publica.jpg\" alt=\"Li\u00e7\u00f5es Essenciais de Seguran\u00e7a P\u00fablica\" width=\"145\" height=\"205\" srcset=\"https:\/\/www.bibliotecadeseguranca.com.br\/fr\/wp-content\/uploads\/2023\/10\/licoes-essenciais-de-seguranca-publica.jpg 145w, https:\/\/www.bibliotecadeseguranca.com.br\/fr\/wp-content\/uploads\/2023\/10\/licoes-essenciais-de-seguranca-publica-106x150.jpg 106w\" sizes=\"auto, (max-width: 145px) 100vw, 145px\" \/>Roberto Ant\u00f4nio Dar\u00f3s Malaquias<\/strong><\/span><\/p>\n<p><span style=\"color: #003366;\"><strong>Maison d&#8217;\u00e9dition Juru\u00e1<\/strong><\/span><\/p>\n<p><span style=\"color: #003366;\"><strong>R\u00e9sum\u00e9:<\/strong><\/span> A criminalidade, como problema cr\u00f4nico e dos mais graves da sociedade atual, tem consequ\u00eancias extremamente desastrosas para a integra\u00e7\u00e3o social, criando terr\u00edveis obst\u00e1culos ao desenvolvimento de uma na\u00e7\u00e3o soberana. O mundo jur\u00eddico carece de obras que abordem esses temas relacionados ao fen\u00f4meno criminol\u00f3gico e tragam solu\u00e7\u00f5es inteligentes que saibam miscigenar e associar o conhecimento emp\u00edrico ao conhecimento puro. Neste contexto, a pesquisa acad\u00eamica nos traz uma excelente surpresa doutrin\u00e1ria publicando uma obra jur\u00eddica de excepcional valor: Li\u00e7\u00f5es Essenciais de Seguran\u00e7a P\u00fablica \u2013 A Sociedade Brasileira na Adversidade da Pandemia COVID-19, organizada e coordenada pelo Advogado Criminalista Dr. Roberto Ant\u00f4nio Dar\u00f3s Malaquias, Mestre em Direito Processual Penal pela Universidade Federal do Esp\u00edrito Santo e Especialista em Ci\u00eancia Policial e Investiga\u00e7\u00e3o Criminal pela Coordena\u00e7\u00e3o de Altos Estudos de Seguran\u00e7a P\u00fablica da Escola Superior da Pol\u00edcia Federal, que me concedeu a honra e a oportunidade de prefaciar seu trabalho moderno e inovador. O resultado da pesquisa traz luz para problemas na \u00e1rea de Seguran\u00e7a P\u00fablica e apresenta os caminhos a serem seguidos nas pol\u00edticas p\u00fablicas estruturantes que a popula\u00e7\u00e3o brasileira tanto necessita e, neste ato, presto-lhe as merecidas homenagens por seu trabalho dedicado e competente, al\u00e9m da lideran\u00e7a produtiva \u00e0 frente de not\u00e1veis doutrinadores, gerando esta obra coletiva. (&#8230;) O trabalho de natureza transdisciplinar \u00e9 explicitado em oito cap\u00edtulos, que trazem as diretrizes para a elabora\u00e7\u00e3o de novas propostas de pol\u00edticas p\u00fablicas, e s\u00e3o pontuados em racioc\u00ednios filos\u00f3ficos e fundamentos doutrin\u00e1rios das ci\u00eancias sociais. Tratam-se de temas modernos, redigidos de forma magistral, transformando o conhecimento emp\u00edrico em fontes transbordantes de conhecimento puro, por interm\u00e9dio de an\u00e1lises jur\u00eddicas e filos\u00f3ficas que tratam sobre a diversidade dos problemas enfrentados pelos gestores e operadores da Seguran\u00e7a P\u00fablica e Defesa Social. O ponto de converg\u00eancia deste trabalho sedimenta-se na ideia de nova vis\u00e3o sobre Seguran\u00e7a P\u00fablica e Defesa Social, sob a prote\u00e7\u00e3o da dignidade da pessoa humana e a consolida\u00e7\u00e3o universal dos Direitos Humanos, rompendo com a tradicional\u00edssima pr\u00e1tica de gest\u00e3o p\u00fablica ortodoxa, por interm\u00e9dio da repress\u00e3o insana e descoordenada \u00e0 criminalidade, gerando supress\u00e3o dos direitos individuais, das garantias processuais e a fragiliza\u00e7\u00e3o da dignidade humana e da honra. Assim, \u00e9 um enorme prazer e uma grande honra apresentar-lhes esta obra inovadora que, certamente, produzir\u00e1 bons frutos e contribuir\u00e1 para a consolida\u00e7\u00e3o de nossa jovem democracia. Ou\u00e7amos o que tem a dizer essa equipe de not\u00e1veis cientistas sociais humanistas e competentes especialistas em Seguran\u00e7a P\u00fablica e Defesa Social, pois ainda temos muito que aprender e trabalhar arduamente em busca da harmoniza\u00e7\u00e3o de nossa sociedade brasileira. Boa leitura a todos.<\/p>\n<p>Her\u00e1clito Am\u00e2ncio Pereira Jr.<\/p>\n<p>Reitor da Universidade Vila Velha (UVV). Doutor e Mestre em Ci\u00eancia da Computa\u00e7\u00e3o (UFES). Mestre em Gest\u00e3o Internacional (SSMBerlim\/Alemanha).<\/p>\n","protected":false},"excerpt":{"rendered":"<p>Roberto Ant\u00f4nio Dar\u00f3s Malaquias Maison d&#8217;\u00e9dition Juru\u00e1 R\u00e9sum\u00e9: A criminalidade, como problema cr\u00f4nico e dos mais graves da sociedade atual, tem consequ\u00eancias extremamente desastrosas para a integra\u00e7\u00e3o social, criando terr\u00edveis obst\u00e1culos ao desenvolvimento de uma na\u00e7\u00e3o soberana. O mundo jur\u00eddico carece de obras que abordem esses temas relacionados ao fen\u00f4meno criminol\u00f3gico e tragam solu\u00e7\u00f5es inteligentes que saibam miscigenar e associar o conhecimento emp\u00edrico ao conhecimento puro. Neste contexto, a pesquisa&hellip; <\/p>\n","protected":false},"author":3,"featured_media":19306,"comment_status":"open","ping_status":"closed","sticky":false,"template":"","format":"standard","meta":{"footnotes":""},"categories":[6,25],"tags":[],"class_list":["post-19305","post","type-post","status-publish","format-standard","has-post-thumbnail","hentry","category-livros","category-seguranca-publica-e-defesa"],"views":233,"_links":{"self":[{"href":"https:\/\/www.bibliotecadeseguranca.com.br\/fr\/wp-json\/wp\/v2\/posts\/19305","targetHints":{"allow":["GET"]}}],"collection":[{"href":"https:\/\/www.bibliotecadeseguranca.com.br\/fr\/wp-json\/wp\/v2\/posts"}],"about":[{"href":"https:\/\/www.bibliotecadeseguranca.com.br\/fr\/wp-json\/wp\/v2\/types\/post"}],"author":[{"embeddable":true,"href":"https:\/\/www.bibliotecadeseguranca.com.br\/fr\/wp-json\/wp\/v2\/users\/3"}],"replies":[{"embeddable":true,"href":"https:\/\/www.bibliotecadeseguranca.com.br\/fr\/wp-json\/wp\/v2\/comments?post=19305"}],"version-history":[{"count":1,"href":"https:\/\/www.bibliotecadeseguranca.com.br\/fr\/wp-json\/wp\/v2\/posts\/19305\/revisions"}],"predecessor-version":[{"id":19307,"href":"https:\/\/www.bibliotecadeseguranca.com.br\/fr\/wp-json\/wp\/v2\/posts\/19305\/revisions\/19307"}],"wp:featuredmedia":[{"embeddable":true,"href":"https:\/\/www.bibliotecadeseguranca.com.br\/fr\/wp-json\/wp\/v2\/media\/19306"}],"wp:attachment":[{"href":"https:\/\/www.bibliotecadeseguranca.com.br\/fr\/wp-json\/wp\/v2\/media?parent=19305"}],"wp:term":[{"taxonomy":"category","embeddable":true,"href":"https:\/\/www.bibliotecadeseguranca.com.br\/fr\/wp-json\/wp\/v2\/categories?post=19305"},{"taxonomy":"post_tag","embeddable":true,"href":"https:\/\/www.bibliotecadeseguranca.com.br\/fr\/wp-json\/wp\/v2\/tags?post=19305"}],"curies":[{"name":"wp","href":"https:\/\/api.w.org\/{rel}","templated":true}]}}