{"id":19298,"date":"2023-10-13T14:00:54","date_gmt":"2023-10-13T17:00:54","guid":{"rendered":"https:\/\/www.bibliotecadeseguranca.com.br\/fr\/?p=19298"},"modified":"2023-10-13T13:38:45","modified_gmt":"2023-10-13T16:38:45","slug":"securite-publique-et-protection-civile-canada","status":"publish","type":"post","link":"https:\/\/www.bibliotecadeseguranca.com.br\/fr\/livros\/securite-publique-et-protection-civile-canada\/","title":{"rendered":"S\u00e9curit\u00e9 Publique et Protection Civile Canada"},"content":{"rendered":"<p><span style=\"color: #003366;\"><strong><img loading=\"lazy\" decoding=\"async\" class=\"alignleft size-full wp-image-19299\" src=\"https:\/\/www.bibliotecadeseguranca.com.br\/fr\/wp-content\/uploads\/2023\/10\/securite-publique-et-protection-civile-canada.jpg\" alt=\"S\u00e9curit\u00e9 Publique et Protection Civile Canada\" width=\"145\" height=\"205\" srcset=\"https:\/\/www.bibliotecadeseguranca.com.br\/fr\/wp-content\/uploads\/2023\/10\/securite-publique-et-protection-civile-canada.jpg 145w, https:\/\/www.bibliotecadeseguranca.com.br\/fr\/wp-content\/uploads\/2023\/10\/securite-publique-et-protection-civile-canada-106x150.jpg 106w\" sizes=\"auto, (max-width: 145px) 100vw, 145px\" \/>Peter Van Loan &#8211; Ministre de la S\u00e9curit\u00e9 publique<\/strong><\/span><\/p>\n<p><span style=\"color: #003366;\"><strong>R\u00e9sum\u00e9:<\/strong><\/span> En ma qualit\u00e9 de ministre de la S\u00e9curit\u00e9 publique du Canada, je suis heureux de d\u00e9poser au Parlement le Rapport minist\u00e9riel sur le rendement de S\u00e9curit\u00e9 publique Canada pour la p\u00e9riode se terminant le 31 mars 2008.<br \/>\nS\u00e9curit\u00e9 publique Canada offre des programmes et \u00e9labore des politiques qui traitent d\u2019une grande vari\u00e9t\u00e9 de questions li\u00e9es \u00e0 la s\u00e9curit\u00e9 de la population, y compris la s\u00e9curit\u00e9 nationale, la gestion des mesures d\u2019urgence, les services de police et l\u2019application de la loi, les services correctionnels et la mise en libert\u00e9 sous condition, les services de police autochtones et la pr\u00e9vention du crime. Chaque ann\u00e9e, le minist\u00e8re \u00e9tablit des priorit\u00e9s pour renforcer la s\u00e9curit\u00e9 des canadiennes et des canadiens. Il me fait plaisir d\u2019annoncer qu\u2019un nombre important d\u2019accomplissements furent r\u00e9alis\u00e9s pendant l\u2019ann\u00e9e 2007-2008.<br \/>\nPar exemple, un fonds de recrutement de policiers de 400 millions de dollars fut cr\u00e9\u00e9, rencontrant ainsi un engagement de notre gouvernement visant \u00e0 accro\u00eetre le nombre de policiers dans nos rues. S\u00e9curit\u00e9 publique Canada a \u00e9galement financ\u00e9 plus de 200 projets de pr\u00e9vention du crime, contribuant ainsi \u00e0 rendre nos communaut\u00e9s plus s\u00e9curitaires.<br \/>\nEn outre, le Programme des services de police des Premi\u00e8res nations, dont la prestation est assur\u00e9e en partenariat avec les provinces, les territoires et les collectivit\u00e9s autochtones afin d\u2019am\u00e9liorer des services de police provinciaux existants, offrent aux collectivit\u00e9s autochtones et inuites des services de police. Pr\u00e8s de 400 collectivit\u00e9s autochtones et inuites sont desservies au titre de ces 163 ententes.<br \/>\nLa p\u00e9riode vis\u00e9e par ce rapport a \u00e9galement \u00e9t\u00e9 marqu\u00e9e par l\u2019entr\u00e9e en vigueur de la nouvelle Loi sur la gestion des urgences. Cette loi met en lumi\u00e8re une approche int\u00e9gr\u00e9e des activit\u00e9s de gestion des urgences et assoyant le r\u00f4le de leadership \u00e0 l\u2019\u00e9chelle nationale de S\u00e9curit\u00e9 publique Canada en mati\u00e8re de gestion des urgences et de protection des infrastructures essentielles. Au cours de l\u2019ann\u00e9e 2007-2008, le minist\u00e8re a continu\u00e9 de r\u00e9pondre aux demandes d\u2019aide des provinces ou territoires pour faire face \u00e0 des situations d\u2019urgence, comme ce fut le cas lors des inondations qui se sont produites en Colombie-Britannique en 2007.<br \/>\nCe ne sont l\u00e0 que quelques-unes des multiples r\u00e9alisations qu\u2019a accompli le Minist\u00e8re en 2007-2008. Je suis persuad\u00e9 que S\u00e9curit\u00e9 publique Canada continuera de renforcer la s\u00e9curit\u00e9 du Canada dans les ann\u00e9es \u00e0 venir.<\/p>\n<p><a href=\"https:\/\/www.bibliotecadeseguranca.com.br\/wp-content\/uploads\/2023\/10\/securite-publique-et-protection-civile-canada.pdf\" target=\"_blank\" rel=\"noopener\"><img loading=\"lazy\" decoding=\"async\" class=\"alignleft wp-image-12143 size-full\" src=\"https:\/\/www.bibliotecadeseguranca.com.br\/fr\/wp-content\/uploads\/2015\/03\/download_fr.gif\" alt=\"T\u00e9l\u00e9charger\" width=\"107\" height=\"25\" \/><\/a><\/p>\n","protected":false},"excerpt":{"rendered":"<p>Peter Van Loan &#8211; Ministre de la S\u00e9curit\u00e9 publique R\u00e9sum\u00e9: En ma qualit\u00e9 de ministre de la S\u00e9curit\u00e9 publique du Canada, je suis heureux de d\u00e9poser au Parlement le Rapport minist\u00e9riel sur le rendement de S\u00e9curit\u00e9 publique Canada pour la p\u00e9riode se terminant le 31 mars 2008. S\u00e9curit\u00e9 publique Canada offre des programmes et \u00e9labore des politiques qui traitent d\u2019une grande vari\u00e9t\u00e9 de questions li\u00e9es \u00e0 la s\u00e9curit\u00e9 de la&hellip; <\/p>\n","protected":false},"author":3,"featured_media":19299,"comment_status":"open","ping_status":"closed","sticky":false,"template":"","format":"standard","meta":{"footnotes":""},"categories":[109,6,25,112],"tags":[],"class_list":["post-19298","post","type-post","status-publish","format-standard","has-post-thumbnail","hentry","category-francais","category-livros","category-seguranca-publica-e-defesa","category-download"],"views":207,"_links":{"self":[{"href":"https:\/\/www.bibliotecadeseguranca.com.br\/fr\/wp-json\/wp\/v2\/posts\/19298","targetHints":{"allow":["GET"]}}],"collection":[{"href":"https:\/\/www.bibliotecadeseguranca.com.br\/fr\/wp-json\/wp\/v2\/posts"}],"about":[{"href":"https:\/\/www.bibliotecadeseguranca.com.br\/fr\/wp-json\/wp\/v2\/types\/post"}],"author":[{"embeddable":true,"href":"https:\/\/www.bibliotecadeseguranca.com.br\/fr\/wp-json\/wp\/v2\/users\/3"}],"replies":[{"embeddable":true,"href":"https:\/\/www.bibliotecadeseguranca.com.br\/fr\/wp-json\/wp\/v2\/comments?post=19298"}],"version-history":[{"count":1,"href":"https:\/\/www.bibliotecadeseguranca.com.br\/fr\/wp-json\/wp\/v2\/posts\/19298\/revisions"}],"predecessor-version":[{"id":19300,"href":"https:\/\/www.bibliotecadeseguranca.com.br\/fr\/wp-json\/wp\/v2\/posts\/19298\/revisions\/19300"}],"wp:featuredmedia":[{"embeddable":true,"href":"https:\/\/www.bibliotecadeseguranca.com.br\/fr\/wp-json\/wp\/v2\/media\/19299"}],"wp:attachment":[{"href":"https:\/\/www.bibliotecadeseguranca.com.br\/fr\/wp-json\/wp\/v2\/media?parent=19298"}],"wp:term":[{"taxonomy":"category","embeddable":true,"href":"https:\/\/www.bibliotecadeseguranca.com.br\/fr\/wp-json\/wp\/v2\/categories?post=19298"},{"taxonomy":"post_tag","embeddable":true,"href":"https:\/\/www.bibliotecadeseguranca.com.br\/fr\/wp-json\/wp\/v2\/tags?post=19298"}],"curies":[{"name":"wp","href":"https:\/\/api.w.org\/{rel}","templated":true}]}}