{"id":19273,"date":"2023-10-02T14:00:07","date_gmt":"2023-10-02T17:00:07","guid":{"rendered":"https:\/\/www.bibliotecadeseguranca.com.br\/fr\/?p=19273"},"modified":"2023-10-02T13:43:12","modified_gmt":"2023-10-02T16:43:12","slug":"inteligencia-e-contrainteligencia","status":"publish","type":"post","link":"https:\/\/www.bibliotecadeseguranca.com.br\/fr\/livros\/inteligencia-e-contrainteligencia\/","title":{"rendered":"Intelig\u00eancia e Contraintelig\u00eancia"},"content":{"rendered":"<p><span style=\"color: #003366;\"><strong><img loading=\"lazy\" decoding=\"async\" class=\"alignleft size-full wp-image-19274\" src=\"https:\/\/www.bibliotecadeseguranca.com.br\/fr\/wp-content\/uploads\/2023\/10\/inteligencia-e-contrainteligencia.jpg\" alt=\"Intelig\u00eancia e Contraintelig\u00eancia\" width=\"145\" height=\"211\" srcset=\"https:\/\/www.bibliotecadeseguranca.com.br\/fr\/wp-content\/uploads\/2023\/10\/inteligencia-e-contrainteligencia.jpg 145w, https:\/\/www.bibliotecadeseguranca.com.br\/fr\/wp-content\/uploads\/2023\/10\/inteligencia-e-contrainteligencia-103x150.jpg 103w\" sizes=\"auto, (max-width: 145px) 100vw, 145px\" \/>Araceli Martins Beliato, Herbert Gon\u00e7alves Espuny<\/strong><\/span><\/p>\n<p><span style=\"color: #003366;\"><strong>Maison d&#8217;\u00e9dition Mizuno<\/strong><\/span><\/p>\n<p><span style=\"color: #003366;\"><strong>R\u00e9sum\u00e9:<\/strong><\/span> Este livro re\u00fane 15 artigos, frutos de extensa e acurada pesquisa sobre temas contempor\u00e2neos envolvendo a Atividade de Intelig\u00eancia no Brasil.<br \/>\nAs reflex\u00f5es aqui desenvolvidas, de forma interdisciplinar, aut\u00f4noma e cr\u00edtica s\u00e3o representativas da diversidade de experi\u00eancias profissionais dos autores, que procuram responder a alguns dos grandes desafios enfrentados pela sociedade, tanto no \u00e2mbito de for\u00e7as do Estado (Militar, Policiais e Servi\u00e7os de Intelig\u00eancia) como da iniciativa privada, compreendendo que a gest\u00e3o do conhecimento e o pensamento estrat\u00e9gico s\u00e3o imprescind\u00edveis em todas as organiza\u00e7\u00f5es.<br \/>\nApresentam-se ao leitor assuntos diversificados de matriz na Atividade de Intelig\u00eancia Cl\u00e1ssica, para compreens\u00e3o dos fen\u00f4menos e demandas atuais das organiza\u00e7\u00f5es, contribuindo para a ado\u00e7\u00e3o de pol\u00edticas eficientes, adequadas, t\u00e9cnicas, embasadas cientificamente, levando mais racionalidade \u00e0s decis\u00f5es dos gestores p\u00fablicos e privados, o que torna indispens\u00e1vel a presente obra para o aperfei\u00e7oamento epist\u00eamico da comunidade de intelig\u00eancia em todo o pa\u00eds.<\/p>\n","protected":false},"excerpt":{"rendered":"<p>Araceli Martins Beliato, Herbert Gon\u00e7alves Espuny Maison d&#8217;\u00e9dition Mizuno R\u00e9sum\u00e9: Este livro re\u00fane 15 artigos, frutos de extensa e acurada pesquisa sobre temas contempor\u00e2neos envolvendo a Atividade de Intelig\u00eancia no Brasil. As reflex\u00f5es aqui desenvolvidas, de forma interdisciplinar, aut\u00f4noma e cr\u00edtica s\u00e3o representativas da diversidade de experi\u00eancias profissionais dos autores, que procuram responder a alguns dos grandes desafios enfrentados pela sociedade, tanto no \u00e2mbito de for\u00e7as do Estado (Militar, Policiais&hellip; <\/p>\n","protected":false},"author":3,"featured_media":19274,"comment_status":"open","ping_status":"closed","sticky":false,"template":"","format":"standard","meta":{"footnotes":""},"categories":[6,25],"tags":[],"class_list":["post-19273","post","type-post","status-publish","format-standard","has-post-thumbnail","hentry","category-livros","category-seguranca-publica-e-defesa"],"views":155,"_links":{"self":[{"href":"https:\/\/www.bibliotecadeseguranca.com.br\/fr\/wp-json\/wp\/v2\/posts\/19273","targetHints":{"allow":["GET"]}}],"collection":[{"href":"https:\/\/www.bibliotecadeseguranca.com.br\/fr\/wp-json\/wp\/v2\/posts"}],"about":[{"href":"https:\/\/www.bibliotecadeseguranca.com.br\/fr\/wp-json\/wp\/v2\/types\/post"}],"author":[{"embeddable":true,"href":"https:\/\/www.bibliotecadeseguranca.com.br\/fr\/wp-json\/wp\/v2\/users\/3"}],"replies":[{"embeddable":true,"href":"https:\/\/www.bibliotecadeseguranca.com.br\/fr\/wp-json\/wp\/v2\/comments?post=19273"}],"version-history":[{"count":1,"href":"https:\/\/www.bibliotecadeseguranca.com.br\/fr\/wp-json\/wp\/v2\/posts\/19273\/revisions"}],"predecessor-version":[{"id":19275,"href":"https:\/\/www.bibliotecadeseguranca.com.br\/fr\/wp-json\/wp\/v2\/posts\/19273\/revisions\/19275"}],"wp:featuredmedia":[{"embeddable":true,"href":"https:\/\/www.bibliotecadeseguranca.com.br\/fr\/wp-json\/wp\/v2\/media\/19274"}],"wp:attachment":[{"href":"https:\/\/www.bibliotecadeseguranca.com.br\/fr\/wp-json\/wp\/v2\/media?parent=19273"}],"wp:term":[{"taxonomy":"category","embeddable":true,"href":"https:\/\/www.bibliotecadeseguranca.com.br\/fr\/wp-json\/wp\/v2\/categories?post=19273"},{"taxonomy":"post_tag","embeddable":true,"href":"https:\/\/www.bibliotecadeseguranca.com.br\/fr\/wp-json\/wp\/v2\/tags?post=19273"}],"curies":[{"name":"wp","href":"https:\/\/api.w.org\/{rel}","templated":true}]}}