{"id":19241,"date":"2023-09-18T14:00:32","date_gmt":"2023-09-18T17:00:32","guid":{"rendered":"https:\/\/www.bibliotecadeseguranca.com.br\/fr\/?p=19241"},"modified":"2023-09-18T12:44:45","modified_gmt":"2023-09-18T15:44:45","slug":"policia-civil-e-guarda-civil-municipal-sugestao-integrada-de-seguranca-publica","status":"publish","type":"post","link":"https:\/\/www.bibliotecadeseguranca.com.br\/fr\/livros\/policia-civil-e-guarda-civil-municipal-sugestao-integrada-de-seguranca-publica\/","title":{"rendered":"Pol\u00edcia Civil e Guarda Civil Municipal: Sugest\u00e3o Integrada de Seguran\u00e7a P\u00fablica"},"content":{"rendered":"<p><span style=\"color: #003366;\"><strong><img loading=\"lazy\" decoding=\"async\" class=\"alignleft size-full wp-image-19242\" src=\"https:\/\/www.bibliotecadeseguranca.com.br\/fr\/wp-content\/uploads\/2023\/09\/policia-civil-e-guarda-civil-municipal-sugestao-integrada-de-seguranca-publica.jpg\" alt=\"Pol\u00edcia Civil e Guarda Civil Municipal: Sugest\u00e3o Integrada de Seguran\u00e7a P\u00fablica\" width=\"145\" height=\"208\" srcset=\"https:\/\/www.bibliotecadeseguranca.com.br\/fr\/wp-content\/uploads\/2023\/09\/policia-civil-e-guarda-civil-municipal-sugestao-integrada-de-seguranca-publica.jpg 145w, https:\/\/www.bibliotecadeseguranca.com.br\/fr\/wp-content\/uploads\/2023\/09\/policia-civil-e-guarda-civil-municipal-sugestao-integrada-de-seguranca-publica-105x150.jpg 105w\" sizes=\"auto, (max-width: 145px) 100vw, 145px\" \/>William Ricardo de Almeida Marchi, Wagner Rog\u00e9rio de Almeida Marchi<\/strong><\/span><\/p>\n<p><span style=\"color: #003366;\"><strong>Maison d&#8217;\u00e9dition Appris<\/strong><\/span><\/p>\n<p><span style=\"color: #003366;\"><strong>R\u00e9sum\u00e9:<\/strong><\/span> Esta obra, Pol\u00edcia Civil e Guarda Civil Municipal: sugest\u00e3o integrada de seguran\u00e7a p\u00fablica, decorre de uma evolu\u00e7\u00e3o social pautada na dignidade da pessoa humana, as altera\u00e7\u00f5es legislativas e os avan\u00e7os tecnol\u00f3gicos e culturais, num mundo capitalista, combinada com a moderniza\u00e7\u00e3o e a organiza\u00e7\u00e3o do crime e respectivos criminosos, ordenando uma reforma nas Pol\u00edcias, no Brasil e no mundo, bem como um novo enfoque nas atividades de pol\u00edcia judici\u00e1ria e no relacionamento com a sociedade. Associado \u00e0s peculiaridades da Pol\u00edcia Civil do Estado de S\u00e3o Paulo, que vem sofrendo preju\u00edzo na sua atividade-fim em decorr\u00eancia da defasagem no quadro funcional, e das Guardas Municipais, desprovidas de poder de pol\u00edcia, apesar de consideradas \u00f3rg\u00e3os auxiliares de seguran\u00e7a p\u00fablica, trazemos um estudo realizado em que analisamos a estrutura administrativa e operacional da Pol\u00edcia Civil e da Guarda Municipal de Limeira\/SP, e ao final apresentamos proposituras de pol\u00edticas p\u00fablicas para um novo modelo de gest\u00e3o de atividade policial, com efetiva integra\u00e7\u00e3o entre os referidos \u00f3rg\u00e3os, em observ\u00e2ncia aos princ\u00edpios administrativos da legalidade, efici\u00eancia, finalidade e economia, na busca de melhor efic\u00e1cia dos trabalhos de pol\u00edcia judici\u00e1ria desenvolvidos e da consequente incolumidade p\u00fablica.<\/p>\n","protected":false},"excerpt":{"rendered":"<p>William Ricardo de Almeida Marchi, Wagner Rog\u00e9rio de Almeida Marchi Maison d&#8217;\u00e9dition Appris R\u00e9sum\u00e9: Esta obra, Pol\u00edcia Civil e Guarda Civil Municipal: sugest\u00e3o integrada de seguran\u00e7a p\u00fablica, decorre de uma evolu\u00e7\u00e3o social pautada na dignidade da pessoa humana, as altera\u00e7\u00f5es legislativas e os avan\u00e7os tecnol\u00f3gicos e culturais, num mundo capitalista, combinada com a moderniza\u00e7\u00e3o e a organiza\u00e7\u00e3o do crime e respectivos criminosos, ordenando uma reforma nas Pol\u00edcias, no Brasil e&hellip; <\/p>\n","protected":false},"author":3,"featured_media":19242,"comment_status":"open","ping_status":"closed","sticky":false,"template":"","format":"standard","meta":{"footnotes":""},"categories":[6,25],"tags":[],"class_list":["post-19241","post","type-post","status-publish","format-standard","has-post-thumbnail","hentry","category-livros","category-seguranca-publica-e-defesa"],"views":241,"_links":{"self":[{"href":"https:\/\/www.bibliotecadeseguranca.com.br\/fr\/wp-json\/wp\/v2\/posts\/19241","targetHints":{"allow":["GET"]}}],"collection":[{"href":"https:\/\/www.bibliotecadeseguranca.com.br\/fr\/wp-json\/wp\/v2\/posts"}],"about":[{"href":"https:\/\/www.bibliotecadeseguranca.com.br\/fr\/wp-json\/wp\/v2\/types\/post"}],"author":[{"embeddable":true,"href":"https:\/\/www.bibliotecadeseguranca.com.br\/fr\/wp-json\/wp\/v2\/users\/3"}],"replies":[{"embeddable":true,"href":"https:\/\/www.bibliotecadeseguranca.com.br\/fr\/wp-json\/wp\/v2\/comments?post=19241"}],"version-history":[{"count":1,"href":"https:\/\/www.bibliotecadeseguranca.com.br\/fr\/wp-json\/wp\/v2\/posts\/19241\/revisions"}],"predecessor-version":[{"id":19243,"href":"https:\/\/www.bibliotecadeseguranca.com.br\/fr\/wp-json\/wp\/v2\/posts\/19241\/revisions\/19243"}],"wp:featuredmedia":[{"embeddable":true,"href":"https:\/\/www.bibliotecadeseguranca.com.br\/fr\/wp-json\/wp\/v2\/media\/19242"}],"wp:attachment":[{"href":"https:\/\/www.bibliotecadeseguranca.com.br\/fr\/wp-json\/wp\/v2\/media?parent=19241"}],"wp:term":[{"taxonomy":"category","embeddable":true,"href":"https:\/\/www.bibliotecadeseguranca.com.br\/fr\/wp-json\/wp\/v2\/categories?post=19241"},{"taxonomy":"post_tag","embeddable":true,"href":"https:\/\/www.bibliotecadeseguranca.com.br\/fr\/wp-json\/wp\/v2\/tags?post=19241"}],"curies":[{"name":"wp","href":"https:\/\/api.w.org\/{rel}","templated":true}]}}