{"id":19235,"date":"2023-09-15T14:00:59","date_gmt":"2023-09-15T17:00:59","guid":{"rendered":"https:\/\/www.bibliotecadeseguranca.com.br\/fr\/?p=19235"},"modified":"2023-09-15T13:10:39","modified_gmt":"2023-09-15T16:10:39","slug":"breve-analyse-comparee-internationale-des-violences-urbaines","status":"publish","type":"post","link":"https:\/\/www.bibliotecadeseguranca.com.br\/fr\/livros\/breve-analyse-comparee-internationale-des-violences-urbaines\/","title":{"rendered":"Br\u00e8ve Analyse Compar\u00e9e Internationale des Violences Urbaines"},"content":{"rendered":"<p><span style=\"color: #003366;\"><strong><img loading=\"lazy\" decoding=\"async\" class=\"alignleft size-full wp-image-19236\" src=\"https:\/\/www.bibliotecadeseguranca.com.br\/fr\/wp-content\/uploads\/2023\/09\/breve-analyse-comparee-internationale-des-violences-urbaines.jpg\" alt=\"Br\u00e8ve Analyse Compar\u00e9e Internationale des Violences Urbaines\" width=\"145\" height=\"205\" srcset=\"https:\/\/www.bibliotecadeseguranca.com.br\/fr\/wp-content\/uploads\/2023\/09\/breve-analyse-comparee-internationale-des-violences-urbaines.jpg 145w, https:\/\/www.bibliotecadeseguranca.com.br\/fr\/wp-content\/uploads\/2023\/09\/breve-analyse-comparee-internationale-des-violences-urbaines-106x150.jpg 106w\" sizes=\"auto, (max-width: 145px) 100vw, 145px\" \/>Jean-Paul Brodeur, Massimiliano Mulone, Fr\u00e9d\u00e9ric Ocqueteau, Val\u00e9rie Sagant<\/strong><\/span><\/p>\n<p><span style=\"color: #003366;\"><strong>CIPC &#8211; Centre International pour la Pr\u00e9vention de la Criminalit\u00e9<\/strong><\/span><\/p>\n<p><span style=\"color: #003366;\"><strong>R\u00e9sum\u00e9:<\/strong><\/span> Les \u00e9v\u00e9nements survenus dans le quartier de Montr\u00e9al-Nord les 9 et 10 ao\u00fbt 2008 constituent une premi\u00e8re malheureuse pour le Service de Police de la Ville de Montr\u00e9al.<br \/>\nNon pas que celui-ci n\u2019ait jamais eu \u00e0 affronter une \u00e9meute, mais celle d\u00e9clench\u00e9e \u00e0 la suite de la mort du jeune Fredy Villanueva pr\u00e9sentait une caract\u00e9ristique nouvelle : elle d\u00e9coulait directement d\u2019un incident impliquant la police et \u00e9tait dirig\u00e9e en premier chef contre cette derni\u00e8re. Les \u00e9meutes associ\u00e9es au club de hockey de Montr\u00e9al en 1986, 1993 et 2008, ont d\u00e9bouch\u00e9 sur la destruction de plusieurs voitures de patrouilles, mais elles n\u2019\u00e9taient pas g\u00e9n\u00e9r\u00e9es, ni ne visaient particuli\u00e8rement le SPVM.<br \/>\nL\u2019analyse telle que demand\u00e9e par le SPVM s\u2019est construite sur un double axe, spatial et temporel. Nous nous sommes int\u00e9ress\u00e9s \u00e0 comparer diverses situations nationales au regard des \u00e9meutes urbaines : en France (\u00e9meutes de novembre 2005 et \u00e0 Villiers-leBel en 2007), au Royaume-Uni (Brixton en 1981, 1985 et 1995; Broadwater Farm en 1985), aux \u00c9tats-Unis (Washington Mount Pleasant en 1991; Los Angeles en 1992 et Cincinnati en 2001) et enfin en Australie (Redfern en 2004). Nous avons opt\u00e9 pour des pays o\u00f9 les r\u00e9alit\u00e9s socio-\u00e9conomiques et culturelles sont, toutes proportions gard\u00e9es, relativement comparables au contexte qu\u00e9b\u00e9cois. Les questions des processus d\u2019enqu\u00eate, des modes d\u2019interventions de la police (gestion des foules, profilage racial, relations avec la communaut\u00e9) et de contexte du territoire ont ainsi \u00e9t\u00e9 abord\u00e9es. Dans un second temps, il nous a sembl\u00e9 \u00e9galement n\u00e9cessaire de resituer dans le temps les \u00e9meutes de Montr\u00e9al-Nord, plusieurs incidents graves impliquant la police et des membres de communaut\u00e9s culturelles ayant eu lieu \u00e0 Montr\u00e9al ces derni\u00e8res ann\u00e9es sans d\u00e9boucher sur des violences telles que celles observ\u00e9es en ao\u00fbt dernier.<\/p>\n<p><a href=\"https:\/\/www.bibliotecadeseguranca.com.br\/wp-content\/uploads\/2023\/09\/breve-analyse-comparee-internationale-des-violences-urbaines.pdf\" target=\"_blank\" rel=\"noopener\"><img loading=\"lazy\" decoding=\"async\" class=\"alignleft wp-image-12143 size-full\" src=\"https:\/\/www.bibliotecadeseguranca.com.br\/fr\/wp-content\/uploads\/2015\/03\/download_fr.gif\" alt=\"T\u00e9l\u00e9charger\" width=\"107\" height=\"25\" \/><\/a><\/p>\n","protected":false},"excerpt":{"rendered":"<p>Jean-Paul Brodeur, Massimiliano Mulone, Fr\u00e9d\u00e9ric Ocqueteau, Val\u00e9rie Sagant CIPC &#8211; Centre International pour la Pr\u00e9vention de la Criminalit\u00e9 R\u00e9sum\u00e9: Les \u00e9v\u00e9nements survenus dans le quartier de Montr\u00e9al-Nord les 9 et 10 ao\u00fbt 2008 constituent une premi\u00e8re malheureuse pour le Service de Police de la Ville de Montr\u00e9al. Non pas que celui-ci n\u2019ait jamais eu \u00e0 affronter une \u00e9meute, mais celle d\u00e9clench\u00e9e \u00e0 la suite de la mort du jeune Fredy&hellip; <\/p>\n","protected":false},"author":3,"featured_media":19236,"comment_status":"open","ping_status":"closed","sticky":false,"template":"","format":"standard","meta":{"footnotes":""},"categories":[10,109,6,25,112],"tags":[],"class_list":["post-19235","post","type-post","status-publish","format-standard","has-post-thumbnail","hentry","category-crime-violencia-e-criminologia","category-francais","category-livros","category-seguranca-publica-e-defesa","category-download"],"views":250,"_links":{"self":[{"href":"https:\/\/www.bibliotecadeseguranca.com.br\/fr\/wp-json\/wp\/v2\/posts\/19235","targetHints":{"allow":["GET"]}}],"collection":[{"href":"https:\/\/www.bibliotecadeseguranca.com.br\/fr\/wp-json\/wp\/v2\/posts"}],"about":[{"href":"https:\/\/www.bibliotecadeseguranca.com.br\/fr\/wp-json\/wp\/v2\/types\/post"}],"author":[{"embeddable":true,"href":"https:\/\/www.bibliotecadeseguranca.com.br\/fr\/wp-json\/wp\/v2\/users\/3"}],"replies":[{"embeddable":true,"href":"https:\/\/www.bibliotecadeseguranca.com.br\/fr\/wp-json\/wp\/v2\/comments?post=19235"}],"version-history":[{"count":1,"href":"https:\/\/www.bibliotecadeseguranca.com.br\/fr\/wp-json\/wp\/v2\/posts\/19235\/revisions"}],"predecessor-version":[{"id":19237,"href":"https:\/\/www.bibliotecadeseguranca.com.br\/fr\/wp-json\/wp\/v2\/posts\/19235\/revisions\/19237"}],"wp:featuredmedia":[{"embeddable":true,"href":"https:\/\/www.bibliotecadeseguranca.com.br\/fr\/wp-json\/wp\/v2\/media\/19236"}],"wp:attachment":[{"href":"https:\/\/www.bibliotecadeseguranca.com.br\/fr\/wp-json\/wp\/v2\/media?parent=19235"}],"wp:term":[{"taxonomy":"category","embeddable":true,"href":"https:\/\/www.bibliotecadeseguranca.com.br\/fr\/wp-json\/wp\/v2\/categories?post=19235"},{"taxonomy":"post_tag","embeddable":true,"href":"https:\/\/www.bibliotecadeseguranca.com.br\/fr\/wp-json\/wp\/v2\/tags?post=19235"}],"curies":[{"name":"wp","href":"https:\/\/api.w.org\/{rel}","templated":true}]}}