{"id":19210,"date":"2023-09-04T14:00:54","date_gmt":"2023-09-04T17:00:54","guid":{"rendered":"https:\/\/www.bibliotecadeseguranca.com.br\/fr\/?p=19210"},"modified":"2023-09-04T13:06:48","modified_gmt":"2023-09-04T16:06:48","slug":"ministerio-publico-e-politica-criminal","status":"publish","type":"post","link":"https:\/\/www.bibliotecadeseguranca.com.br\/fr\/livros\/ministerio-publico-e-politica-criminal\/","title":{"rendered":"Minist\u00e9rio P\u00fablico e Pol\u00edtica Criminal"},"content":{"rendered":"<p><span style=\"color: #003366;\"><strong><img loading=\"lazy\" decoding=\"async\" class=\"alignleft size-full wp-image-19211\" src=\"https:\/\/www.bibliotecadeseguranca.com.br\/fr\/wp-content\/uploads\/2023\/09\/ministerio-publico-e-politica-criminal.jpg\" alt=\"Minist\u00e9rio P\u00fablico e Pol\u00edtica Criminal\" width=\"145\" height=\"206\" srcset=\"https:\/\/www.bibliotecadeseguranca.com.br\/fr\/wp-content\/uploads\/2023\/09\/ministerio-publico-e-politica-criminal.jpg 145w, https:\/\/www.bibliotecadeseguranca.com.br\/fr\/wp-content\/uploads\/2023\/09\/ministerio-publico-e-politica-criminal-106x150.jpg 106w\" sizes=\"auto, (max-width: 145px) 100vw, 145px\" \/>Antonio Henrique Graciano Suxberger<\/strong><\/span><\/p>\n<p><span style=\"color: #003366;\"><strong>Maison d&#8217;\u00e9dition Editora Juru\u00e1<\/strong><\/span><\/p>\n<p><span style=\"color: #003366;\"><strong>R\u00e9sum\u00e9:<\/strong><\/span> O tema \u201cpol\u00edtica criminal\u201d, no Brasil, carece de uma abordagem que respeite as contribui\u00e7\u00f5es advindas do pensamento criminol\u00f3gico e que tamb\u00e9m se volte para orienta\u00e7\u00f5es pr\u00e1ticas. De tudo isso, ora se v\u00ea que o tema pol\u00edtica criminal \u00e9 constantemente reduzido a uma dimens\u00e3o legislativa, ora se percebe que os operadores do sistema de justi\u00e7a criminal pouco ou nada se at\u00eam a respeito dele. Quando pensamos, ent\u00e3o, em \u201cdireitos humanos\u201d em mat\u00e9ria criminal, nos vem \u00e0 mente a cruel dist\u00e2ncia entre o conte\u00fado das prescri\u00e7\u00f5es normativas e a realidade do sistema de justi\u00e7a criminal. Partindo de um recorte que se centra no Minist\u00e9rio P\u00fablico, um dos mais importantes \u201catores\u201d do sistema de justi\u00e7a criminal, o presente livro procura enfrentar a tem\u00e1tica da pol\u00edtica criminal sob um vi\u00e9s que supere o costumeiro isolamento da perspectiva jur\u00eddica. Com n\u00edtida preocupa\u00e7\u00e3o pr\u00e1tica, procura-se tamb\u00e9m delinear o tema da seguran\u00e7a p\u00fablica como direito social, constitucionalmente assegurado, com todas as dificuldades oriundas de sua aplicabilidade pr\u00e1tica. Para tanto, s\u00e3o analisadas desde as diretrizes do Programa Nacional de Seguran\u00e7a P\u00fablica com Cidadania, com especial aten\u00e7\u00e3o \u00e0s caracter\u00edsticas de um modelo democr\u00e1tico de gest\u00e3o de seguran\u00e7a p\u00fablica, at\u00e9 as prescri\u00e7\u00f5es positivadas a respeito das diretrizes de nossa pol\u00edtica criminal.<\/p>\n","protected":false},"excerpt":{"rendered":"<p>Antonio Henrique Graciano Suxberger Maison d&#8217;\u00e9dition Editora Juru\u00e1 R\u00e9sum\u00e9: O tema \u201cpol\u00edtica criminal\u201d, no Brasil, carece de uma abordagem que respeite as contribui\u00e7\u00f5es advindas do pensamento criminol\u00f3gico e que tamb\u00e9m se volte para orienta\u00e7\u00f5es pr\u00e1ticas. De tudo isso, ora se v\u00ea que o tema pol\u00edtica criminal \u00e9 constantemente reduzido a uma dimens\u00e3o legislativa, ora se percebe que os operadores do sistema de justi\u00e7a criminal pouco ou nada se at\u00eam a&hellip; <\/p>\n","protected":false},"author":3,"featured_media":19211,"comment_status":"open","ping_status":"closed","sticky":false,"template":"","format":"standard","meta":{"footnotes":""},"categories":[10,6,25],"tags":[],"class_list":["post-19210","post","type-post","status-publish","format-standard","has-post-thumbnail","hentry","category-crime-violencia-e-criminologia","category-livros","category-seguranca-publica-e-defesa"],"views":175,"_links":{"self":[{"href":"https:\/\/www.bibliotecadeseguranca.com.br\/fr\/wp-json\/wp\/v2\/posts\/19210","targetHints":{"allow":["GET"]}}],"collection":[{"href":"https:\/\/www.bibliotecadeseguranca.com.br\/fr\/wp-json\/wp\/v2\/posts"}],"about":[{"href":"https:\/\/www.bibliotecadeseguranca.com.br\/fr\/wp-json\/wp\/v2\/types\/post"}],"author":[{"embeddable":true,"href":"https:\/\/www.bibliotecadeseguranca.com.br\/fr\/wp-json\/wp\/v2\/users\/3"}],"replies":[{"embeddable":true,"href":"https:\/\/www.bibliotecadeseguranca.com.br\/fr\/wp-json\/wp\/v2\/comments?post=19210"}],"version-history":[{"count":1,"href":"https:\/\/www.bibliotecadeseguranca.com.br\/fr\/wp-json\/wp\/v2\/posts\/19210\/revisions"}],"predecessor-version":[{"id":19212,"href":"https:\/\/www.bibliotecadeseguranca.com.br\/fr\/wp-json\/wp\/v2\/posts\/19210\/revisions\/19212"}],"wp:featuredmedia":[{"embeddable":true,"href":"https:\/\/www.bibliotecadeseguranca.com.br\/fr\/wp-json\/wp\/v2\/media\/19211"}],"wp:attachment":[{"href":"https:\/\/www.bibliotecadeseguranca.com.br\/fr\/wp-json\/wp\/v2\/media?parent=19210"}],"wp:term":[{"taxonomy":"category","embeddable":true,"href":"https:\/\/www.bibliotecadeseguranca.com.br\/fr\/wp-json\/wp\/v2\/categories?post=19210"},{"taxonomy":"post_tag","embeddable":true,"href":"https:\/\/www.bibliotecadeseguranca.com.br\/fr\/wp-json\/wp\/v2\/tags?post=19210"}],"curies":[{"name":"wp","href":"https:\/\/api.w.org\/{rel}","templated":true}]}}