{"id":19203,"date":"2023-09-01T14:00:24","date_gmt":"2023-09-01T17:00:24","guid":{"rendered":"https:\/\/www.bibliotecadeseguranca.com.br\/fr\/?p=19203"},"modified":"2023-09-01T13:59:23","modified_gmt":"2023-09-01T16:59:23","slug":"guide-des-bonnes-pratiques-de-securisation-dun-evenement-de-voie-publique","status":"publish","type":"post","link":"https:\/\/www.bibliotecadeseguranca.com.br\/fr\/livros\/guide-des-bonnes-pratiques-de-securisation-dun-evenement-de-voie-publique\/","title":{"rendered":"Guide des Bonnes Pratiques de S\u00e9curisation d\u2019un \u00c9v\u00e9nement de Voie Publique"},"content":{"rendered":"<p><span style=\"color: #003366;\"><strong><img loading=\"lazy\" decoding=\"async\" class=\"alignleft size-full wp-image-19204\" src=\"https:\/\/www.bibliotecadeseguranca.com.br\/fr\/wp-content\/uploads\/2023\/09\/guide-des-bonnes-pratiques-de-securisation-dun-evenement-de-voie-publique.jpg\" alt=\"Guide des Bonnes Pratiques de S\u00e9curisation d\u2019un \u00c9v\u00e9nement de Voie Publique\" width=\"145\" height=\"205\" srcset=\"https:\/\/www.bibliotecadeseguranca.com.br\/fr\/wp-content\/uploads\/2023\/09\/guide-des-bonnes-pratiques-de-securisation-dun-evenement-de-voie-publique.jpg 145w, https:\/\/www.bibliotecadeseguranca.com.br\/fr\/wp-content\/uploads\/2023\/09\/guide-des-bonnes-pratiques-de-securisation-dun-evenement-de-voie-publique-106x150.jpg 106w\" sizes=\"auto, (max-width: 145px) 100vw, 145px\" \/>Minist\u00e8re de l\u2019Int\u00e9rieur \u2013 R\u00e9publique Fran\u00e7aise<\/strong><\/span><\/p>\n<p><span style=\"color: #003366;\"><strong>R\u00e9sum\u00e9:<\/strong><\/span> Depuis janvier 2015, diverses initiatives ont \u00e9t\u00e9 d\u00e9velopp\u00e9es au plan local pour parfaire la s\u00e9curisation des \u00e9v\u00e9nements de voie publique.<br \/>\nConscient des responsabilit\u00e9s qui vous incombent, je souhaite aujourd\u2019hui soutenir votre engagement dans l\u2019organisation des manifestations sportives, culturelles et artistiques qui conf\u00e8rent \u00e0 notre pays tout son singularisme.<br \/>\nC\u2019est pourquoi, j\u2019ai souhait\u00e9 r\u00e9pondre \u00e0 cette attente en d\u00e9veloppant un outil pratique d\u2019aide \u00e0 la d\u00e9cision et d\u2019accompagnement dans la conduite des festivit\u00e9s.<br \/>\nCe guide s\u2019appuie sur les exp\u00e9riences et les savoir-faire des services de l\u2019\u00c9tat, des collectivit\u00e9s territoriales et du monde associatif local. Il r\u00e9pond ainsi au concept d\u2019innovation participative auquel je crois fermement. Vous y trouverez aussi les r\u00e9centes \u00e9volutions l\u00e9gislatives et institutionnelles conduites par le minist\u00e8re.<br \/>\nEnfin, ce r\u00e9f\u00e9rentiel permettra aux autorit\u00e9s publiques et aux organisateurs, de disposer d\u2019une base de dialogue commune et efficiente.<\/p>\n<p>Christophe Castaner<br \/>\nMinistre de l\u2019Int\u00e9rieur<\/p>\n<p><a href=\"https:\/\/www.bibliotecadeseguranca.com.br\/wp-content\/uploads\/2023\/09\/guide-des-bonnes-pratiques-de-securisation-dun-evenement-de-voie-publique.pdf\" target=\"_blank\" rel=\"noopener\"><img loading=\"lazy\" decoding=\"async\" class=\"alignleft wp-image-12143 size-full\" src=\"https:\/\/www.bibliotecadeseguranca.com.br\/fr\/wp-content\/uploads\/2015\/03\/download_fr.gif\" alt=\"T\u00e9l\u00e9charger\" width=\"107\" height=\"25\" \/><\/a><\/p>\n","protected":false},"excerpt":{"rendered":"<p>Minist\u00e8re de l\u2019Int\u00e9rieur \u2013 R\u00e9publique Fran\u00e7aise R\u00e9sum\u00e9: Depuis janvier 2015, diverses initiatives ont \u00e9t\u00e9 d\u00e9velopp\u00e9es au plan local pour parfaire la s\u00e9curisation des \u00e9v\u00e9nements de voie publique. Conscient des responsabilit\u00e9s qui vous incombent, je souhaite aujourd\u2019hui soutenir votre engagement dans l\u2019organisation des manifestations sportives, culturelles et artistiques qui conf\u00e8rent \u00e0 notre pays tout son singularisme. C\u2019est pourquoi, j\u2019ai souhait\u00e9 r\u00e9pondre \u00e0 cette attente en d\u00e9veloppant un outil pratique d\u2019aide \u00e0&hellip; <\/p>\n","protected":false},"author":3,"featured_media":19204,"comment_status":"open","ping_status":"closed","sticky":false,"template":"","format":"standard","meta":{"footnotes":""},"categories":[109,6,21,25,112],"tags":[],"class_list":["post-19203","post","type-post","status-publish","format-standard","has-post-thumbnail","hentry","category-francais","category-livros","category-seguranca-de-eventos","category-seguranca-publica-e-defesa","category-download"],"views":237,"_links":{"self":[{"href":"https:\/\/www.bibliotecadeseguranca.com.br\/fr\/wp-json\/wp\/v2\/posts\/19203","targetHints":{"allow":["GET"]}}],"collection":[{"href":"https:\/\/www.bibliotecadeseguranca.com.br\/fr\/wp-json\/wp\/v2\/posts"}],"about":[{"href":"https:\/\/www.bibliotecadeseguranca.com.br\/fr\/wp-json\/wp\/v2\/types\/post"}],"author":[{"embeddable":true,"href":"https:\/\/www.bibliotecadeseguranca.com.br\/fr\/wp-json\/wp\/v2\/users\/3"}],"replies":[{"embeddable":true,"href":"https:\/\/www.bibliotecadeseguranca.com.br\/fr\/wp-json\/wp\/v2\/comments?post=19203"}],"version-history":[{"count":1,"href":"https:\/\/www.bibliotecadeseguranca.com.br\/fr\/wp-json\/wp\/v2\/posts\/19203\/revisions"}],"predecessor-version":[{"id":19205,"href":"https:\/\/www.bibliotecadeseguranca.com.br\/fr\/wp-json\/wp\/v2\/posts\/19203\/revisions\/19205"}],"wp:featuredmedia":[{"embeddable":true,"href":"https:\/\/www.bibliotecadeseguranca.com.br\/fr\/wp-json\/wp\/v2\/media\/19204"}],"wp:attachment":[{"href":"https:\/\/www.bibliotecadeseguranca.com.br\/fr\/wp-json\/wp\/v2\/media?parent=19203"}],"wp:term":[{"taxonomy":"category","embeddable":true,"href":"https:\/\/www.bibliotecadeseguranca.com.br\/fr\/wp-json\/wp\/v2\/categories?post=19203"},{"taxonomy":"post_tag","embeddable":true,"href":"https:\/\/www.bibliotecadeseguranca.com.br\/fr\/wp-json\/wp\/v2\/tags?post=19203"}],"curies":[{"name":"wp","href":"https:\/\/api.w.org\/{rel}","templated":true}]}}