{"id":19194,"date":"2023-08-28T14:00:53","date_gmt":"2023-08-28T17:00:53","guid":{"rendered":"https:\/\/www.bibliotecadeseguranca.com.br\/fr\/?p=19194"},"modified":"2023-08-28T12:59:24","modified_gmt":"2023-08-28T15:59:24","slug":"revista-prelecao-ano-i-n-02","status":"publish","type":"post","link":"https:\/\/www.bibliotecadeseguranca.com.br\/fr\/periodicos-de-seguranca\/revista-prelecao-ano-i-n-02\/","title":{"rendered":"Revista Prele\u00e7\u00e3o \u2013 Ano I \u2013 N\u00b0 02"},"content":{"rendered":"<p><span style=\"color: #003366;\"><strong><img loading=\"lazy\" decoding=\"async\" class=\"alignleft size-full wp-image-19195\" src=\"https:\/\/www.bibliotecadeseguranca.com.br\/fr\/wp-content\/uploads\/2023\/08\/revista-prelecao-ano-i-n-02.jpg\" alt=\"Revista Prele\u00e7\u00e3o \u2013 Ano I \u2013 N\u00b0 02\" width=\"145\" height=\"202\" srcset=\"https:\/\/www.bibliotecadeseguranca.com.br\/fr\/wp-content\/uploads\/2023\/08\/revista-prelecao-ano-i-n-02.jpg 145w, https:\/\/www.bibliotecadeseguranca.com.br\/fr\/wp-content\/uploads\/2023\/08\/revista-prelecao-ano-i-n-02-108x150.jpg 108w\" sizes=\"auto, (max-width: 145px) 100vw, 145px\" \/>Pol\u00edcia Militar do Estado do Esp\u00edrito Santo<\/strong><\/span><\/p>\n<p><span style=\"color: #003366;\"><strong>R\u00e9sum\u00e9:<\/strong><\/span> Comemoramos o sucesso da Revista Prele\u00e7\u00e3o \u2013 n\u00b0 01, lan\u00e7ada em abril\/ 2007 no 172\u00b0 anivers\u00e1rio da PMES. V\u00e1rias foram as men\u00e7\u00f5es que parabenizaram o Conselho Editorial da Revista pela iniciativa e na oportunidade vimos de p\u00fablico agradecer a todos nossos leitores.<br \/>\nDedicamos esta edi\u00e7\u00e3o ao ensino policial militar que comemora em agosto\/ 2007 o 83\u00b0 anivers\u00e1rio do CFA &#8211; Centro de Forma\u00e7\u00e3o e Aperfei\u00e7oamento, nossa Unidade escola.<br \/>\nA velocidade das transforma\u00e7\u00f5es da sociedade e a evolu\u00e7\u00e3o do conhecimento criam a demanda da constante atualiza\u00e7\u00e3o tecnol\u00f3gica e profissional, requerendo a cria\u00e7\u00e3o e manuten\u00e7\u00e3o de sistemas de forma\u00e7\u00e3o profissional eficientes para a dissemina\u00e7\u00e3o das boas pr\u00e1ticas policiais.<br \/>\nHoje, a forma\u00e7\u00e3o guerreira foi substitu\u00edda pela forma\u00e7\u00e3o do profissional de seguran\u00e7a p\u00fablica que tem um importante papel e grande responsabilidade social.<br \/>\nSabemos que a atividade policial \u00e9 multidisciplinar, porquanto, sua eficiente execu\u00e7\u00e3o, al\u00e9m das disciplinas essencialmente policiais militares, envolve v\u00e1rias \u00e1reas de conhecimento tais como Direito, Psicologia, Sociologia, pois a fun\u00e7\u00e3o primordial do policial militar \u00e9 gerenciar crises e conflitos, utilizando t\u00e9cnicas baseadas nos princ\u00edpios da seguran\u00e7a, legalidade e proporcionalidade em primeiro plano.<br \/>\n\u00c9 nesse contexto que o conhecimento se mostra como a mais potente arma contra as adversidades de nossa profiss\u00e3o, substituindo, n\u00e3o raras vezes, a for\u00e7a ou os meios materiais pela t\u00e9cnica e desenvoltura, contribuindo para a redu\u00e7\u00e3o de resultados indesejados atrav\u00e9s de respostas positivas com foco no resultado.<br \/>\nA preocupa\u00e7\u00e3o com a valoriza\u00e7\u00e3o profissional \u00e9 concretizada quando oferecemos todo o suporte necess\u00e1rio \u2013 instrumental e te\u00f3rico \u2013 para que os elementos de execu\u00e7\u00e3o estejam sempre alinhados com os objetivos e diretrizes institucionais.<br \/>\nConstatamos que a cada dia que passa os limites do desempenho policial v\u00e3o se ampliando e a Pol\u00edcia Militar vem assumindo tarefas cada vez mais amplas e complexas, que requerem um enfoque policial inovador e inteligente para fazer frente \u00e0s novas demandas de forma eficiente e eficaz.<br \/>\nA ado\u00e7\u00e3o das boas pr\u00e1ticas policiais e a padroniza\u00e7\u00e3o de doutrina policial trazem como consequ\u00eancia a redu\u00e7\u00e3o de procedimentos correicionais, o aumento dos \u00edndices de aceita\u00e7\u00e3o e confian\u00e7a no trabalho da pol\u00edcia e a excel\u00eancia na presta\u00e7\u00e3o de servi\u00e7os, sendo resultados que certamente ser\u00e3o alcan\u00e7ados tendo como base um ensino policial de qualidade.<br \/>\nDotar os profissionais de seguran\u00e7a p\u00fablica de conhecimentos imprescind\u00edveis ao exerc\u00edcio de suas atividades, bem como divulgar para a sociedade a preocupa\u00e7\u00e3o da Corpora\u00e7\u00e3o com a capacita\u00e7\u00e3o profissional, elevando o n\u00edvel t\u00e9cnico e cient\u00edfico dos profissionais de seguran\u00e7a p\u00fablica, \u00e9 meta do Comando Geral que volta seus esfor\u00e7os para alcan\u00e7ar a estrat\u00e9gia da constante atualiza\u00e7\u00e3o tecnol\u00f3gica da Pol\u00edcia Militar.<\/p>\n<p><a href=\"https:\/\/www.bibliotecadeseguranca.com.br\/wp-content\/uploads\/2023\/08\/revista-prelecao-ano-i-n-02.pdf\" target=\"_blank\" rel=\"noopener\"><img loading=\"lazy\" decoding=\"async\" class=\"alignleft wp-image-12143 size-full\" src=\"https:\/\/www.bibliotecadeseguranca.com.br\/fr\/wp-content\/uploads\/2015\/03\/download_fr.gif\" alt=\"T\u00e9l\u00e9charger\" width=\"107\" height=\"25\" \/><\/a><\/p>\n","protected":false},"excerpt":{"rendered":"<p>Pol\u00edcia Militar do Estado do Esp\u00edrito Santo R\u00e9sum\u00e9: Comemoramos o sucesso da Revista Prele\u00e7\u00e3o \u2013 n\u00b0 01, lan\u00e7ada em abril\/ 2007 no 172\u00b0 anivers\u00e1rio da PMES. V\u00e1rias foram as men\u00e7\u00f5es que parabenizaram o Conselho Editorial da Revista pela iniciativa e na oportunidade vimos de p\u00fablico agradecer a todos nossos leitores. Dedicamos esta edi\u00e7\u00e3o ao ensino policial militar que comemora em agosto\/ 2007 o 83\u00b0 anivers\u00e1rio do CFA &#8211; Centro de&hellip; <\/p>\n","protected":false},"author":3,"featured_media":19195,"comment_status":"open","ping_status":"closed","sticky":false,"template":"","format":"standard","meta":{"footnotes":""},"categories":[129,71,112],"tags":[],"class_list":["post-19194","post","type-post","status-publish","format-standard","has-post-thumbnail","hentry","category-revista-prelecao","category-periodicos-de-seguranca","category-download"],"views":283,"_links":{"self":[{"href":"https:\/\/www.bibliotecadeseguranca.com.br\/fr\/wp-json\/wp\/v2\/posts\/19194","targetHints":{"allow":["GET"]}}],"collection":[{"href":"https:\/\/www.bibliotecadeseguranca.com.br\/fr\/wp-json\/wp\/v2\/posts"}],"about":[{"href":"https:\/\/www.bibliotecadeseguranca.com.br\/fr\/wp-json\/wp\/v2\/types\/post"}],"author":[{"embeddable":true,"href":"https:\/\/www.bibliotecadeseguranca.com.br\/fr\/wp-json\/wp\/v2\/users\/3"}],"replies":[{"embeddable":true,"href":"https:\/\/www.bibliotecadeseguranca.com.br\/fr\/wp-json\/wp\/v2\/comments?post=19194"}],"version-history":[{"count":1,"href":"https:\/\/www.bibliotecadeseguranca.com.br\/fr\/wp-json\/wp\/v2\/posts\/19194\/revisions"}],"predecessor-version":[{"id":19196,"href":"https:\/\/www.bibliotecadeseguranca.com.br\/fr\/wp-json\/wp\/v2\/posts\/19194\/revisions\/19196"}],"wp:featuredmedia":[{"embeddable":true,"href":"https:\/\/www.bibliotecadeseguranca.com.br\/fr\/wp-json\/wp\/v2\/media\/19195"}],"wp:attachment":[{"href":"https:\/\/www.bibliotecadeseguranca.com.br\/fr\/wp-json\/wp\/v2\/media?parent=19194"}],"wp:term":[{"taxonomy":"category","embeddable":true,"href":"https:\/\/www.bibliotecadeseguranca.com.br\/fr\/wp-json\/wp\/v2\/categories?post=19194"},{"taxonomy":"post_tag","embeddable":true,"href":"https:\/\/www.bibliotecadeseguranca.com.br\/fr\/wp-json\/wp\/v2\/tags?post=19194"}],"curies":[{"name":"wp","href":"https:\/\/api.w.org\/{rel}","templated":true}]}}