{"id":19169,"date":"2023-08-17T14:00:37","date_gmt":"2023-08-17T17:00:37","guid":{"rendered":"https:\/\/www.bibliotecadeseguranca.com.br\/fr\/?p=19169"},"modified":"2023-08-17T11:31:23","modified_gmt":"2023-08-17T14:31:23","slug":"plan-global-de-securite-et-de-prevention","status":"publish","type":"post","link":"https:\/\/www.bibliotecadeseguranca.com.br\/fr\/livros\/plan-global-de-securite-et-de-prevention\/","title":{"rendered":"Plan Global de S\u00e9curit\u00e9 et de Pr\u00e9vention"},"content":{"rendered":"<p><span style=\"color: #003366;\"><strong><img loading=\"lazy\" decoding=\"async\" class=\"alignleft size-full wp-image-19170\" src=\"https:\/\/www.bibliotecadeseguranca.com.br\/fr\/wp-content\/uploads\/2023\/08\/plan-global-de-securite-et-de-prevention.jpg\" alt=\"Plan Global de S\u00e9curit\u00e9 et de Pr\u00e9vention\" width=\"145\" height=\"205\" srcset=\"https:\/\/www.bibliotecadeseguranca.com.br\/fr\/wp-content\/uploads\/2023\/08\/plan-global-de-securite-et-de-prevention.jpg 145w, https:\/\/www.bibliotecadeseguranca.com.br\/fr\/wp-content\/uploads\/2023\/08\/plan-global-de-securite-et-de-prevention-106x150.jpg 106w\" sizes=\"auto, (max-width: 145px) 100vw, 145px\" \/>Bruxelles Pr\u00e9vention &amp; S\u00e9curit\u00e9<\/strong><\/span><\/p>\n<p><span style=\"color: #003366;\"><strong>R\u00e9sum\u00e9:<\/strong><\/span> L\u2019accord de gouvernement f\u00e9d\u00e9ral du 1er d\u00e9cembre 2011, dans son chapitre sur la \u00ab simplification intra bruxelloise \u00bb abordait d\u00e9j\u00e0 la question d\u2019un plan global de s\u00e9curit\u00e9 r\u00e9gional, d\u00e9crit comme un instrument devant permettre la mise en \u0153uvre d\u2019une politique des\u00e9curit\u00e9 urbaine int\u00e9gr\u00e9e. Suite \u00e0 la suppression de la fonction de Gouverneur en R\u00e9gion de Bruxelles-Capitale, deux autorit\u00e9s r\u00e9gionales d\u00e9tiennent depuis 2014 des comp\u00e9tences dans ce domaine :<br \/>\n&#8211; Le Ministre-Pr\u00e9sident bruxellois qui \u00ab exercera les comp\u00e9tences en ce qui concerne le maintien de l\u2019ordre public \u00bb ;<br \/>\n&#8211; Le Haut fonctionnaire, qui est comp\u00e9tent \u00ab pour les missions du Gouverneur relatives \u00e0 la s\u00e9curit\u00e9 civile et pour l\u2019\u00e9laboration des plans relatifs aux situations d\u2019urgence sur le territoire de Bruxelles-Capitale \u00bb.<\/p>\n<p>Les nouvelles missions de l\u2019agglom\u00e9ration bruxelloise d\u00e9coulant de la Sixi\u00e8me r\u00e9forme de l\u2019Etat sont, entre autres, les suivantes :<br \/>\n&#8211; La coordination des politiques de s\u00e9curit\u00e9, en ce compris l\u2019observation et l\u2019enregistrement de la criminalit\u00e9 ;<br \/>\n&#8211; La coordination des politiques de pr\u00e9vention ;<br \/>\n&#8211; L\u2019\u00e9laboration d\u2019un plan r\u00e9gional de s\u00e9curit\u00e9.<\/p>\n<p><a href=\"https:\/\/www.bibliotecadeseguranca.com.br\/wp-content\/uploads\/2023\/08\/plan-global-de-securite-et-de-prevention.pdf\" target=\"_blank\" rel=\"noopener\"><img loading=\"lazy\" decoding=\"async\" class=\"alignleft wp-image-12143 size-full\" src=\"https:\/\/www.bibliotecadeseguranca.com.br\/fr\/wp-content\/uploads\/2015\/03\/download_fr.gif\" alt=\"T\u00e9l\u00e9charger\" width=\"107\" height=\"25\" \/><\/a><\/p>\n","protected":false},"excerpt":{"rendered":"<p>Bruxelles Pr\u00e9vention &amp; S\u00e9curit\u00e9 R\u00e9sum\u00e9: L\u2019accord de gouvernement f\u00e9d\u00e9ral du 1er d\u00e9cembre 2011, dans son chapitre sur la \u00ab simplification intra bruxelloise \u00bb abordait d\u00e9j\u00e0 la question d\u2019un plan global de s\u00e9curit\u00e9 r\u00e9gional, d\u00e9crit comme un instrument devant permettre la mise en \u0153uvre d\u2019une politique des\u00e9curit\u00e9 urbaine int\u00e9gr\u00e9e. Suite \u00e0 la suppression de la fonction de Gouverneur en R\u00e9gion de Bruxelles-Capitale, deux autorit\u00e9s r\u00e9gionales d\u00e9tiennent depuis 2014 des comp\u00e9tences dans&hellip; <\/p>\n","protected":false},"author":3,"featured_media":19170,"comment_status":"open","ping_status":"closed","sticky":false,"template":"","format":"standard","meta":{"footnotes":""},"categories":[109,6,25,112],"tags":[],"class_list":["post-19169","post","type-post","status-publish","format-standard","has-post-thumbnail","hentry","category-francais","category-livros","category-seguranca-publica-e-defesa","category-download"],"views":153,"_links":{"self":[{"href":"https:\/\/www.bibliotecadeseguranca.com.br\/fr\/wp-json\/wp\/v2\/posts\/19169","targetHints":{"allow":["GET"]}}],"collection":[{"href":"https:\/\/www.bibliotecadeseguranca.com.br\/fr\/wp-json\/wp\/v2\/posts"}],"about":[{"href":"https:\/\/www.bibliotecadeseguranca.com.br\/fr\/wp-json\/wp\/v2\/types\/post"}],"author":[{"embeddable":true,"href":"https:\/\/www.bibliotecadeseguranca.com.br\/fr\/wp-json\/wp\/v2\/users\/3"}],"replies":[{"embeddable":true,"href":"https:\/\/www.bibliotecadeseguranca.com.br\/fr\/wp-json\/wp\/v2\/comments?post=19169"}],"version-history":[{"count":1,"href":"https:\/\/www.bibliotecadeseguranca.com.br\/fr\/wp-json\/wp\/v2\/posts\/19169\/revisions"}],"predecessor-version":[{"id":19171,"href":"https:\/\/www.bibliotecadeseguranca.com.br\/fr\/wp-json\/wp\/v2\/posts\/19169\/revisions\/19171"}],"wp:featuredmedia":[{"embeddable":true,"href":"https:\/\/www.bibliotecadeseguranca.com.br\/fr\/wp-json\/wp\/v2\/media\/19170"}],"wp:attachment":[{"href":"https:\/\/www.bibliotecadeseguranca.com.br\/fr\/wp-json\/wp\/v2\/media?parent=19169"}],"wp:term":[{"taxonomy":"category","embeddable":true,"href":"https:\/\/www.bibliotecadeseguranca.com.br\/fr\/wp-json\/wp\/v2\/categories?post=19169"},{"taxonomy":"post_tag","embeddable":true,"href":"https:\/\/www.bibliotecadeseguranca.com.br\/fr\/wp-json\/wp\/v2\/tags?post=19169"}],"curies":[{"name":"wp","href":"https:\/\/api.w.org\/{rel}","templated":true}]}}